{"id":41950,"date":"2018-10-16T20:43:44","date_gmt":"2018-10-16T23:43:44","guid":{"rendered":"https:\/\/eldiariodesanpedro.com.ar\/sitio\/?p=41950"},"modified":"2018-10-16T20:43:44","modified_gmt":"2018-10-16T23:43:44","slug":"baradero-en-un-marco-imponente-se-llevo-adelante-la-16-fiesta-provincial-del-mate","status":"publish","type":"post","link":"https:\/\/eldiariodesanpedro.com.ar\/sitio\/baradero-en-un-marco-imponente-se-llevo-adelante-la-16-fiesta-provincial-del-mate\/","title":{"rendered":"BARADERO: En un marco imponente, se llev\u00f3 adelante la 16\u00b0 Fiesta Provincial del Mate"},"content":{"rendered":"<p><!-- VideographyWP Plugin Message: Automatic video embedding prevented by plugin options. --><br \/>\nEl s\u00e1bado, domingo y lunes Baradero brill\u00f3 con una nueva edici\u00f3n de la Fiesta Provincial del Mate, donde se homenaje\u00f3 a uno de los s\u00edmbolos de la cultura argentina. Se trat\u00f3 de tres d\u00edas con exposiciones artesanales, charlas, competencias y espect\u00e1culos art\u00edsticos.<\/p>\n<p>  Los festejos que se realizan desde 2003, tuvieron lugar en el Paseo del Puerto, un espacio sobre la orilla del r\u00edo en el cual se dispusieron exposiciones de artesanos y emprendedores, competencias de cebadores y tomadores, muestras de coleccionistas y degustaciones, puestos gastron\u00f3micos de comidas t\u00edpicas y una nutrida y destacada propuesta en el escenario con artistas destacados y danzas folcl\u00f3ricas.<br \/>\n  La Secretar\u00eda de Cultura, Turismo, Educaci\u00f3n y Deporte comandada por Marcos Barlatay, organiz\u00f3 una grilla de espect\u00e1culos musicales y de danzas durante los tres d\u00edas. El s\u00e1bado actuaron Los Leales, Abel Ivroud, Mizarez, Mirka Asiri, Jonathan y Johana Reynoso, Niki Rodr\u00edguez y el Ballet Municipal \u201cSixto Palavecino\u201d.<br \/>\n  Durante el domingo, el escenario fue protagonizado por Los Pampas, Lucho Arrieta, Carlos Cabral, los Payadores Tokar-Gabotto, Grupo Cenizas, Facundo Misenti y el Ballet Sembrando Sue\u00f1os y Desde el Alma.<br \/>\n  Por otro lado, el \u00faltimo d\u00eda, la grilla estuvo compuesta por Payana, Juli\u00e1n Oderiz, Adri\u00e1n Maggi, D\u00fao Ariza-Ch\u00e1vez, el Ballet Sembrando Sue\u00f1os y Desde el Alma, y el Ballet Municipal \u201cSixto Palavecino\u201d.<br \/>\n  La Fiesta fue una oportunidad para aprender sobre la historia del mate, las diferentes costumbres y sus usos a trav\u00e9s del tiempo y observar piezas especiales elaboradas por dedicados artesanos.<\/p>\n<p>Fuente: Baradero Hoy<\/p>\n","protected":false},"excerpt":{"rendered":"<p>El s\u00e1bado, domingo y lunes Baradero brill\u00f3 con una nueva edici\u00f3n de la Fiesta Provincial del Mate, donde se homenaje\u00f3 a uno de los s\u00edmbolos de la cultura argentina. Se trat\u00f3 de tres d\u00edas con exposiciones artesanales, charlas, competencias y espect\u00e1culos art\u00edsticos. Los festejos que se realizan desde 2003, tuvieron lugar en el Paseo del [&hellip;]<\/p>\n","protected":false},"author":4,"featured_media":41952,"comment_status":"open","ping_status":"closed","sticky":false,"template":"","format":"standard","meta":{"om_disable_all_campaigns":false,"_jetpack_memberships_contains_paid_content":false,"footnotes":""},"categories":[621],"tags":[],"class_list":["post-41950","post","type-post","status-publish","format-standard","has-post-thumbnail","hentry","category-regionales"],"aioseo_notices":[],"gutentor_comment":0,"jetpack_featured_media_url":"https:\/\/eldiariodesanpedro.com.ar\/sitio\/wp-content\/uploads\/2018\/10\/baradero-16-Fiesta-Provincial-del-Mate.jpg","jetpack_shortlink":"https:\/\/wp.me\/p6RhLt-aUC","jetpack_sharing_enabled":true,"_links":{"self":[{"href":"https:\/\/eldiariodesanpedro.com.ar\/sitio\/wp-json\/wp\/v2\/posts\/41950","targetHints":{"allow":["GET"]}}],"collection":[{"href":"https:\/\/eldiariodesanpedro.com.ar\/sitio\/wp-json\/wp\/v2\/posts"}],"about":[{"href":"https:\/\/eldiariodesanpedro.com.ar\/sitio\/wp-json\/wp\/v2\/types\/post"}],"author":[{"embeddable":true,"href":"https:\/\/eldiariodesanpedro.com.ar\/sitio\/wp-json\/wp\/v2\/users\/4"}],"replies":[{"embeddable":true,"href":"https:\/\/eldiariodesanpedro.com.ar\/sitio\/wp-json\/wp\/v2\/comments?post=41950"}],"version-history":[{"count":1,"href":"https:\/\/eldiariodesanpedro.com.ar\/sitio\/wp-json\/wp\/v2\/posts\/41950\/revisions"}],"predecessor-version":[{"id":41954,"href":"https:\/\/eldiariodesanpedro.com.ar\/sitio\/wp-json\/wp\/v2\/posts\/41950\/revisions\/41954"}],"wp:featuredmedia":[{"embeddable":true,"href":"https:\/\/eldiariodesanpedro.com.ar\/sitio\/wp-json\/wp\/v2\/media\/41952"}],"wp:attachment":[{"href":"https:\/\/eldiariodesanpedro.com.ar\/sitio\/wp-json\/wp\/v2\/media?parent=41950"}],"wp:term":[{"taxonomy":"category","embeddable":true,"href":"https:\/\/eldiariodesanpedro.com.ar\/sitio\/wp-json\/wp\/v2\/categories?post=41950"},{"taxonomy":"post_tag","embeddable":true,"href":"https:\/\/eldiariodesanpedro.com.ar\/sitio\/wp-json\/wp\/v2\/tags?post=41950"}],"curies":[{"name":"wp","href":"https:\/\/api.w.org\/{rel}","templated":true}]}}