{"id":41947,"date":"2018-10-16T20:41:46","date_gmt":"2018-10-16T23:41:46","guid":{"rendered":"https:\/\/eldiariodesanpedro.com.ar\/sitio\/?p=41947"},"modified":"2018-10-16T20:41:46","modified_gmt":"2018-10-16T23:41:46","slug":"baradero-entradas-agotadas-para-el-show-de-don-osvaldo-para-el-sabado-1","status":"publish","type":"post","link":"https:\/\/eldiariodesanpedro.com.ar\/sitio\/baradero-entradas-agotadas-para-el-show-de-don-osvaldo-para-el-sabado-1\/","title":{"rendered":"BARADERO: Entradas agotadas para el show de \u00abDon Osvaldo\u00bb para el s\u00e1bado 1\u00b0"},"content":{"rendered":"<p><!-- VideographyWP Plugin Message: Automatic video embedding prevented by plugin options. --><br \/>\nEste martes comenz\u00f3 la venta de entradas para los recitales del 1\u00ba y 2 de diciembre de Don Osvaldo, la banda del Pato Fontanet. Una cantidad importante de gente hac\u00eda fila en la puerta del local \u201cCover Disc\u201d, lugar en donde se realiza la comercializaci\u00f3n, desde temprano en la ma\u00f1ana.<\/p>\n<p>  Precio de la entrada general: primeras 3.000 a la venta $850 (de la entrada Nro 1 a la entrada Nro 3000); las 6000 entradas restantes $900 (de la entrada Nro 3001 a la entrada Nro 9000); servicio de venta incluido sin ninguna excepci\u00f3n. Opcional + CD Casi Justicia Social $ 150.<br \/>\n  Tambi\u00e9n se pueden adquirir v\u00eda web, a trav\u00e9s de: www.edenentradas.com.ar<br \/>\nHoras m\u00e1s tardes se confirm\u00f3 la informaci\u00f3n a trav\u00e9s del punto de venta en esa localidad.<br \/>\n  Ya no hab\u00eda m\u00e1s entradas para el s\u00e1bado 1\u00b0 de diciembre, primera presentaci\u00f3n del grupo del Pato Fontanet en Baradero.<\/p>\n<p>Fuente: Baradero Hoy<\/p>\n","protected":false},"excerpt":{"rendered":"<p>Este martes comenz\u00f3 la venta de entradas para los recitales del 1\u00ba y 2 de diciembre de Don Osvaldo, la banda del Pato Fontanet. Una cantidad importante de gente hac\u00eda fila en la puerta del local \u201cCover Disc\u201d, lugar en donde se realiza la comercializaci\u00f3n, desde temprano en la ma\u00f1ana. Precio de la entrada general: [&hellip;]<\/p>\n","protected":false},"author":4,"featured_media":41949,"comment_status":"open","ping_status":"closed","sticky":false,"template":"","format":"standard","meta":{"om_disable_all_campaigns":false,"_jetpack_memberships_contains_paid_content":false,"footnotes":""},"categories":[621],"tags":[],"class_list":["post-41947","post","type-post","status-publish","format-standard","has-post-thumbnail","hentry","category-regionales"],"aioseo_notices":[],"gutentor_comment":0,"jetpack_featured_media_url":"https:\/\/eldiariodesanpedro.com.ar\/sitio\/wp-content\/uploads\/2018\/10\/don-osvaldo.jpg","jetpack_shortlink":"https:\/\/wp.me\/p6RhLt-aUz","jetpack_sharing_enabled":true,"_links":{"self":[{"href":"https:\/\/eldiariodesanpedro.com.ar\/sitio\/wp-json\/wp\/v2\/posts\/41947","targetHints":{"allow":["GET"]}}],"collection":[{"href":"https:\/\/eldiariodesanpedro.com.ar\/sitio\/wp-json\/wp\/v2\/posts"}],"about":[{"href":"https:\/\/eldiariodesanpedro.com.ar\/sitio\/wp-json\/wp\/v2\/types\/post"}],"author":[{"embeddable":true,"href":"https:\/\/eldiariodesanpedro.com.ar\/sitio\/wp-json\/wp\/v2\/users\/4"}],"replies":[{"embeddable":true,"href":"https:\/\/eldiariodesanpedro.com.ar\/sitio\/wp-json\/wp\/v2\/comments?post=41947"}],"version-history":[{"count":1,"href":"https:\/\/eldiariodesanpedro.com.ar\/sitio\/wp-json\/wp\/v2\/posts\/41947\/revisions"}],"predecessor-version":[{"id":41951,"href":"https:\/\/eldiariodesanpedro.com.ar\/sitio\/wp-json\/wp\/v2\/posts\/41947\/revisions\/41951"}],"wp:featuredmedia":[{"embeddable":true,"href":"https:\/\/eldiariodesanpedro.com.ar\/sitio\/wp-json\/wp\/v2\/media\/41949"}],"wp:attachment":[{"href":"https:\/\/eldiariodesanpedro.com.ar\/sitio\/wp-json\/wp\/v2\/media?parent=41947"}],"wp:term":[{"taxonomy":"category","embeddable":true,"href":"https:\/\/eldiariodesanpedro.com.ar\/sitio\/wp-json\/wp\/v2\/categories?post=41947"},{"taxonomy":"post_tag","embeddable":true,"href":"https:\/\/eldiariodesanpedro.com.ar\/sitio\/wp-json\/wp\/v2\/tags?post=41947"}],"curies":[{"name":"wp","href":"https:\/\/api.w.org\/{rel}","templated":true}]}}