{"id":41940,"date":"2018-10-16T20:36:09","date_gmt":"2018-10-16T23:36:09","guid":{"rendered":"https:\/\/eldiariodesanpedro.com.ar\/sitio\/?p=41940"},"modified":"2018-10-16T20:36:09","modified_gmt":"2018-10-16T23:36:09","slug":"baradero-incendio-en-una-vivienda-en-el-barrio-igualdad","status":"publish","type":"post","link":"https:\/\/eldiariodesanpedro.com.ar\/sitio\/baradero-incendio-en-una-vivienda-en-el-barrio-igualdad\/","title":{"rendered":"BARADERO: Incendio en una vivienda en el Barrio Igualdad"},"content":{"rendered":"<p><!-- VideographyWP Plugin Message: Automatic video embedding prevented by plugin options. --><br \/>\n  Durante la madrugada del lunes una precaria construcci\u00f3n se incendi\u00f3. Dicha vivienda estaba ubicada en la intersecci\u00f3n de las calles Pedro Alonso y Padre M\u00fajica. Cerca de las 4.00 AM dos m\u00f3viles del cuartel local trabajaron en el lugar.<br \/>\n  El oficial de servicio Bernardo Cirmi, explic\u00f3 que \u201cel llamado ingres\u00f3 a la Guardia. Cuando llegan las unidades al lugar se constat\u00f3 que el fuego estaba en el interior de la vivienda.<br \/>\n  Los bomberos trabajaron alrededor de 40 minutos en el lugar. Despu\u00e9s hubo que remover el cerramiento de la vivienda, que era una construcci\u00f3n muy precaria\u201d.<\/p>\n<p>Fuente: Tu L\u00ednea Directa<\/p>\n","protected":false},"excerpt":{"rendered":"<p>Durante la madrugada del lunes una precaria construcci\u00f3n se incendi\u00f3. Dicha vivienda estaba ubicada en la intersecci\u00f3n de las calles Pedro Alonso y Padre M\u00fajica. Cerca de las 4.00 AM dos m\u00f3viles del cuartel local trabajaron en el lugar. El oficial de servicio Bernardo Cirmi, explic\u00f3 que \u201cel llamado ingres\u00f3 a la Guardia. Cuando llegan [&hellip;]<\/p>\n","protected":false},"author":4,"featured_media":41942,"comment_status":"open","ping_status":"closed","sticky":false,"template":"","format":"standard","meta":{"om_disable_all_campaigns":false,"_jetpack_memberships_contains_paid_content":false,"footnotes":""},"categories":[621],"tags":[],"class_list":["post-41940","post","type-post","status-publish","format-standard","has-post-thumbnail","hentry","category-regionales"],"aioseo_notices":[],"gutentor_comment":0,"jetpack_featured_media_url":"https:\/\/eldiariodesanpedro.com.ar\/sitio\/wp-content\/uploads\/2018\/10\/PAGINA-6-4.jpg","jetpack_shortlink":"https:\/\/wp.me\/p6RhLt-aUs","jetpack_sharing_enabled":true,"_links":{"self":[{"href":"https:\/\/eldiariodesanpedro.com.ar\/sitio\/wp-json\/wp\/v2\/posts\/41940","targetHints":{"allow":["GET"]}}],"collection":[{"href":"https:\/\/eldiariodesanpedro.com.ar\/sitio\/wp-json\/wp\/v2\/posts"}],"about":[{"href":"https:\/\/eldiariodesanpedro.com.ar\/sitio\/wp-json\/wp\/v2\/types\/post"}],"author":[{"embeddable":true,"href":"https:\/\/eldiariodesanpedro.com.ar\/sitio\/wp-json\/wp\/v2\/users\/4"}],"replies":[{"embeddable":true,"href":"https:\/\/eldiariodesanpedro.com.ar\/sitio\/wp-json\/wp\/v2\/comments?post=41940"}],"version-history":[{"count":1,"href":"https:\/\/eldiariodesanpedro.com.ar\/sitio\/wp-json\/wp\/v2\/posts\/41940\/revisions"}],"predecessor-version":[{"id":41944,"href":"https:\/\/eldiariodesanpedro.com.ar\/sitio\/wp-json\/wp\/v2\/posts\/41940\/revisions\/41944"}],"wp:featuredmedia":[{"embeddable":true,"href":"https:\/\/eldiariodesanpedro.com.ar\/sitio\/wp-json\/wp\/v2\/media\/41942"}],"wp:attachment":[{"href":"https:\/\/eldiariodesanpedro.com.ar\/sitio\/wp-json\/wp\/v2\/media?parent=41940"}],"wp:term":[{"taxonomy":"category","embeddable":true,"href":"https:\/\/eldiariodesanpedro.com.ar\/sitio\/wp-json\/wp\/v2\/categories?post=41940"},{"taxonomy":"post_tag","embeddable":true,"href":"https:\/\/eldiariodesanpedro.com.ar\/sitio\/wp-json\/wp\/v2\/tags?post=41940"}],"curies":[{"name":"wp","href":"https:\/\/api.w.org\/{rel}","templated":true}]}}