{"id":41937,"date":"2018-10-16T20:33:00","date_gmt":"2018-10-16T23:33:00","guid":{"rendered":"https:\/\/eldiariodesanpedro.com.ar\/sitio\/?p=41937"},"modified":"2018-10-16T20:33:00","modified_gmt":"2018-10-16T23:33:00","slug":"anses-informa-asignacion-universal-por-hijo-seminario-sobre-el-presente-y-futuro-de-la-ninez","status":"publish","type":"post","link":"https:\/\/eldiariodesanpedro.com.ar\/sitio\/anses-informa-asignacion-universal-por-hijo-seminario-sobre-el-presente-y-futuro-de-la-ninez\/","title":{"rendered":"ANSES INFORMA: Asignaci\u00f3n Universal por Hijo: seminario sobre el presente y futuro de la ni\u00f1ez"},"content":{"rendered":"<p><!-- VideographyWP Plugin Message: Automatic video embedding prevented by plugin options. --><br \/>\n  ANSES llevar\u00e1 a cabo el seminario internacional Asignaci\u00f3n Universal por Hijo: presente y futuro del derecho en la ni\u00f1ez, con entrada libre y gratuita, para elaborar propuestas y discutir sobre los alcances de la protecci\u00f3n social de los ni\u00f1os y adolescentes en la Argentina y el mundo.<br \/>\n  El evento se llevar\u00e1 a cabo el 18 y 19 de octubre en el Palacio de Aguas Corrientes, ubicado en Ayacucho 751, Ciudad Aut\u00f3noma de Buenos Aires y las personas interesadas en asistir deber\u00e1n enviar previamente un correo electr\u00f3nico a ceremonial@anses.gov.ar .<br \/>\nParticipar\u00e1n la ministra de Salud y Desarrollo Social de la Naci\u00f3n, Carolina Stanley, y el Director Ejecutivo de ANSES, Emilio Basavilbaso, y contar\u00e1 con la presencia de importantes expositores extranjeros, provenientes de M\u00e9xico, Brasil y Sud\u00e1frica, Finlandia y Uruguay, y otros funcionarios locales.<\/p>\n<p><strong>Grupos de pago para ma\u00f1ana<\/strong><br \/>\nJubilados y pensionados cuyos haberes no superan los $9816 y sus documentos terminan en 5.<br \/>\nTitulares de la Asignaci\u00f3n Universal por Hijo y por Embarazo cuyos documentos terminan en 6.<\/p>\n","protected":false},"excerpt":{"rendered":"<p>ANSES llevar\u00e1 a cabo el seminario internacional Asignaci\u00f3n Universal por Hijo: presente y futuro del derecho en la ni\u00f1ez, con entrada libre y gratuita, para elaborar propuestas y discutir sobre los alcances de la protecci\u00f3n social de los ni\u00f1os y adolescentes en la Argentina y el mundo. El evento se llevar\u00e1 a cabo el 18 [&hellip;]<\/p>\n","protected":false},"author":4,"featured_media":5359,"comment_status":"open","ping_status":"closed","sticky":false,"template":"","format":"standard","meta":{"om_disable_all_campaigns":false,"_jetpack_memberships_contains_paid_content":false,"footnotes":""},"categories":[101,2],"tags":[],"class_list":["post-41937","post","type-post","status-publish","format-standard","has-post-thumbnail","hentry","category-interes-general-locales","category-locales"],"aioseo_notices":[],"gutentor_comment":0,"jetpack_featured_media_url":"https:\/\/eldiariodesanpedro.com.ar\/sitio\/wp-content\/uploads\/2016\/06\/anses.jpg","jetpack_shortlink":"https:\/\/wp.me\/p6RhLt-aUp","jetpack_sharing_enabled":true,"_links":{"self":[{"href":"https:\/\/eldiariodesanpedro.com.ar\/sitio\/wp-json\/wp\/v2\/posts\/41937","targetHints":{"allow":["GET"]}}],"collection":[{"href":"https:\/\/eldiariodesanpedro.com.ar\/sitio\/wp-json\/wp\/v2\/posts"}],"about":[{"href":"https:\/\/eldiariodesanpedro.com.ar\/sitio\/wp-json\/wp\/v2\/types\/post"}],"author":[{"embeddable":true,"href":"https:\/\/eldiariodesanpedro.com.ar\/sitio\/wp-json\/wp\/v2\/users\/4"}],"replies":[{"embeddable":true,"href":"https:\/\/eldiariodesanpedro.com.ar\/sitio\/wp-json\/wp\/v2\/comments?post=41937"}],"version-history":[{"count":1,"href":"https:\/\/eldiariodesanpedro.com.ar\/sitio\/wp-json\/wp\/v2\/posts\/41937\/revisions"}],"predecessor-version":[{"id":41941,"href":"https:\/\/eldiariodesanpedro.com.ar\/sitio\/wp-json\/wp\/v2\/posts\/41937\/revisions\/41941"}],"wp:featuredmedia":[{"embeddable":true,"href":"https:\/\/eldiariodesanpedro.com.ar\/sitio\/wp-json\/wp\/v2\/media\/5359"}],"wp:attachment":[{"href":"https:\/\/eldiariodesanpedro.com.ar\/sitio\/wp-json\/wp\/v2\/media?parent=41937"}],"wp:term":[{"taxonomy":"category","embeddable":true,"href":"https:\/\/eldiariodesanpedro.com.ar\/sitio\/wp-json\/wp\/v2\/categories?post=41937"},{"taxonomy":"post_tag","embeddable":true,"href":"https:\/\/eldiariodesanpedro.com.ar\/sitio\/wp-json\/wp\/v2\/tags?post=41937"}],"curies":[{"name":"wp","href":"https:\/\/api.w.org\/{rel}","templated":true}]}}