{"id":41929,"date":"2018-10-16T18:45:48","date_gmt":"2018-10-16T21:45:48","guid":{"rendered":"https:\/\/eldiariodesanpedro.com.ar\/sitio\/?p=41929"},"modified":"2018-10-16T18:45:48","modified_gmt":"2018-10-16T21:45:48","slug":"santa-lucia-fue-sede-de-baile-y-fiesta","status":"publish","type":"post","link":"https:\/\/eldiariodesanpedro.com.ar\/sitio\/santa-lucia-fue-sede-de-baile-y-fiesta\/","title":{"rendered":"Santa Luc\u00eda fue sede de baile y fiesta"},"content":{"rendered":"<p><!-- VideographyWP Plugin Message: Automatic video embedding prevented by plugin options. --><br \/>\nEl pasado viernes Santa Luc\u00eda celebr\u00f3 el D\u00eda de la Diversidad Cultural brindando un Festival Internacional de la Danza para todos los santalucenses y visitantes que disfrutaron de una velada con todos los ritmos. <\/p>\n<p>Se vivi\u00f3 una noche de danzas folkl\u00f3ricas t\u00edpicas nacionales e internacionales, en la que Santa Luc\u00eda recibi\u00f3 a delegaciones de Ecuador, El Salvador, M\u00e9xico, Per\u00fa, Bolivia, Rusia, Paraguay, Brasil, acompa\u00f1ados por delegaciones nacionales de Jujuy, Mendoza, R\u00edo Negro, Tucum\u00e1n. <\/p>\n<p>Adem\u00e1s no faltaron los artistas locales que brindaron su espect\u00e1culo como el ballet folkl\u00f3rico \u201cCoraz\u00f3n de mi Pueblo\u201d, artesanos y puestos de comida que hicieron de esta fiesta una fecha para repetir cada a\u00f1o.<\/p>\n","protected":false},"excerpt":{"rendered":"<p>El pasado viernes Santa Luc\u00eda celebr\u00f3 el D\u00eda de la Diversidad Cultural brindando un Festival Internacional de la Danza para todos los santalucenses y visitantes que disfrutaron de una velada con todos los ritmos. Se vivi\u00f3 una noche de danzas folkl\u00f3ricas t\u00edpicas nacionales e internacionales, en la que Santa Luc\u00eda recibi\u00f3 a delegaciones de Ecuador, [&hellip;]<\/p>\n","protected":false},"author":4,"featured_media":41930,"comment_status":"open","ping_status":"closed","sticky":false,"template":"","format":"standard","meta":{"om_disable_all_campaigns":false,"_jetpack_memberships_contains_paid_content":false,"footnotes":""},"categories":[101,2],"tags":[],"class_list":["post-41929","post","type-post","status-publish","format-standard","has-post-thumbnail","hentry","category-interes-general-locales","category-locales"],"aioseo_notices":[],"gutentor_comment":0,"jetpack_featured_media_url":"https:\/\/eldiariodesanpedro.com.ar\/sitio\/wp-content\/uploads\/2018\/10\/WhatsApp-Image-2018-10-13-at-13.15.17-1.jpeg","jetpack_shortlink":"https:\/\/wp.me\/p6RhLt-aUh","jetpack_sharing_enabled":true,"_links":{"self":[{"href":"https:\/\/eldiariodesanpedro.com.ar\/sitio\/wp-json\/wp\/v2\/posts\/41929","targetHints":{"allow":["GET"]}}],"collection":[{"href":"https:\/\/eldiariodesanpedro.com.ar\/sitio\/wp-json\/wp\/v2\/posts"}],"about":[{"href":"https:\/\/eldiariodesanpedro.com.ar\/sitio\/wp-json\/wp\/v2\/types\/post"}],"author":[{"embeddable":true,"href":"https:\/\/eldiariodesanpedro.com.ar\/sitio\/wp-json\/wp\/v2\/users\/4"}],"replies":[{"embeddable":true,"href":"https:\/\/eldiariodesanpedro.com.ar\/sitio\/wp-json\/wp\/v2\/comments?post=41929"}],"version-history":[{"count":1,"href":"https:\/\/eldiariodesanpedro.com.ar\/sitio\/wp-json\/wp\/v2\/posts\/41929\/revisions"}],"predecessor-version":[{"id":41931,"href":"https:\/\/eldiariodesanpedro.com.ar\/sitio\/wp-json\/wp\/v2\/posts\/41929\/revisions\/41931"}],"wp:featuredmedia":[{"embeddable":true,"href":"https:\/\/eldiariodesanpedro.com.ar\/sitio\/wp-json\/wp\/v2\/media\/41930"}],"wp:attachment":[{"href":"https:\/\/eldiariodesanpedro.com.ar\/sitio\/wp-json\/wp\/v2\/media?parent=41929"}],"wp:term":[{"taxonomy":"category","embeddable":true,"href":"https:\/\/eldiariodesanpedro.com.ar\/sitio\/wp-json\/wp\/v2\/categories?post=41929"},{"taxonomy":"post_tag","embeddable":true,"href":"https:\/\/eldiariodesanpedro.com.ar\/sitio\/wp-json\/wp\/v2\/tags?post=41929"}],"curies":[{"name":"wp","href":"https:\/\/api.w.org\/{rel}","templated":true}]}}