{"id":41925,"date":"2018-10-16T18:17:02","date_gmt":"2018-10-16T21:17:02","guid":{"rendered":"https:\/\/eldiariodesanpedro.com.ar\/sitio\/?p=41925"},"modified":"2018-10-16T18:17:02","modified_gmt":"2018-10-16T21:17:02","slug":"mas-de-4000-consultas-en-los-puntos-de-informacion-turistica","status":"publish","type":"post","link":"https:\/\/eldiariodesanpedro.com.ar\/sitio\/mas-de-4000-consultas-en-los-puntos-de-informacion-turistica\/","title":{"rendered":"M\u00e1s de 4000 consultas en los puntos de informaci\u00f3n tur\u00edstica"},"content":{"rendered":"<p><!-- VideographyWP Plugin Message: Automatic video embedding prevented by plugin options. --><br \/>\nUna gran cantidad de turistas que se alojaron o llegaron para pasar algunas horas en este fin de semana largo junto a miles de sampedrinos que aprovecharon las excelentes condiciones clim\u00e1ticas convirtieron a San Pedro en uno de los puntos con mayor movimiento de la regi\u00f3n. <\/p>\n<p>Seg\u00fan informes  de los establecimientos tur\u00edsticos, los hoteles tuvieron su ocupaci\u00f3n cubierta casi al 100%, con mayor concentraci\u00f3n el d\u00eda domingo.<br \/>\nLa Fiesta de las Colectividades fue el gran centro de atenci\u00f3n en el Casco Hist\u00f3rico de la ciudad, donde varios stands de comidas tipicas extranjeras, los centros tradicionalistas nacionales y artesanos, fueron los protagonistas de un fin de semana al aire libre. Adem\u00e1s sobre el escenario se ofrecieron espect\u00e1culos en la noche del s\u00e1bado y el domingo con una gran concurrencia. <\/p>\n<p>Por otro lado, en el interior de la Casona de Turismo se present\u00f3 una exposici\u00f3n hist\u00f3rica y adem\u00e1s aprovechando el movimiento de familias, desde la Secretar\u00eda de Salud se mont\u00f3 un stand de vacunaci\u00f3n en la Plaza Constituci\u00f3n. <\/p>\n<p>La zona ribere\u00f1a tuvo un movimiento constante con grupos disfrutando del Paseo P\u00fablico y de todas las zonas habilitadas para el esparcimiento. El tr\u00e1nsito hacia Vuelta de Obligado tambi\u00e9n fue notable, especialmente el domingo.<\/p>\n<p>En las casillas de informaci\u00f3n tur\u00edstica se atendieron consultas de orientaci\u00f3n sobre alojamiento, comidas y actividades para realizar hasta este lunes.<\/p>\n<p>Un gran fin de semana que como siempre sucede en estos casos provoca el entusiasmo de todos los sectores relacionados al turismo y adem\u00e1s genera un efecto de promoci\u00f3n adicional de todos aquellos que vinieron, disfrutaron y seguramente volver\u00e1n y har\u00e1n que otros quieran elegirnos.<\/p>\n","protected":false},"excerpt":{"rendered":"<p>Una gran cantidad de turistas que se alojaron o llegaron para pasar algunas horas en este fin de semana largo junto a miles de sampedrinos que aprovecharon las excelentes condiciones clim\u00e1ticas convirtieron a San Pedro en uno de los puntos con mayor movimiento de la regi\u00f3n. Seg\u00fan informes de los establecimientos tur\u00edsticos, los hoteles tuvieron [&hellip;]<\/p>\n","protected":false},"author":4,"featured_media":41926,"comment_status":"open","ping_status":"closed","sticky":false,"template":"","format":"standard","meta":{"om_disable_all_campaigns":false,"_jetpack_memberships_contains_paid_content":false,"footnotes":""},"categories":[101,2],"tags":[],"class_list":["post-41925","post","type-post","status-publish","format-standard","has-post-thumbnail","hentry","category-interes-general-locales","category-locales"],"aioseo_notices":[],"gutentor_comment":0,"jetpack_featured_media_url":"https:\/\/eldiariodesanpedro.com.ar\/sitio\/wp-content\/uploads\/2018\/10\/pastedImage-6.png","jetpack_shortlink":"https:\/\/wp.me\/p6RhLt-aUd","jetpack_sharing_enabled":true,"_links":{"self":[{"href":"https:\/\/eldiariodesanpedro.com.ar\/sitio\/wp-json\/wp\/v2\/posts\/41925","targetHints":{"allow":["GET"]}}],"collection":[{"href":"https:\/\/eldiariodesanpedro.com.ar\/sitio\/wp-json\/wp\/v2\/posts"}],"about":[{"href":"https:\/\/eldiariodesanpedro.com.ar\/sitio\/wp-json\/wp\/v2\/types\/post"}],"author":[{"embeddable":true,"href":"https:\/\/eldiariodesanpedro.com.ar\/sitio\/wp-json\/wp\/v2\/users\/4"}],"replies":[{"embeddable":true,"href":"https:\/\/eldiariodesanpedro.com.ar\/sitio\/wp-json\/wp\/v2\/comments?post=41925"}],"version-history":[{"count":1,"href":"https:\/\/eldiariodesanpedro.com.ar\/sitio\/wp-json\/wp\/v2\/posts\/41925\/revisions"}],"predecessor-version":[{"id":41927,"href":"https:\/\/eldiariodesanpedro.com.ar\/sitio\/wp-json\/wp\/v2\/posts\/41925\/revisions\/41927"}],"wp:featuredmedia":[{"embeddable":true,"href":"https:\/\/eldiariodesanpedro.com.ar\/sitio\/wp-json\/wp\/v2\/media\/41926"}],"wp:attachment":[{"href":"https:\/\/eldiariodesanpedro.com.ar\/sitio\/wp-json\/wp\/v2\/media?parent=41925"}],"wp:term":[{"taxonomy":"category","embeddable":true,"href":"https:\/\/eldiariodesanpedro.com.ar\/sitio\/wp-json\/wp\/v2\/categories?post=41925"},{"taxonomy":"post_tag","embeddable":true,"href":"https:\/\/eldiariodesanpedro.com.ar\/sitio\/wp-json\/wp\/v2\/tags?post=41925"}],"curies":[{"name":"wp","href":"https:\/\/api.w.org\/{rel}","templated":true}]}}