{"id":41923,"date":"2018-10-16T11:54:47","date_gmt":"2018-10-16T14:54:47","guid":{"rendered":"https:\/\/eldiariodesanpedro.com.ar\/sitio\/?p=41923"},"modified":"2018-10-16T11:54:47","modified_gmt":"2018-10-16T14:54:47","slug":"remisero-denuncio-el-robo-de-su-celular","status":"publish","type":"post","link":"https:\/\/eldiariodesanpedro.com.ar\/sitio\/remisero-denuncio-el-robo-de-su-celular\/","title":{"rendered":"Remisero denuncio el robo de su celular"},"content":{"rendered":"<p><!-- VideographyWP Plugin Message: Automatic video embedding prevented by plugin options. --><br \/>\nEste lunesse hizo presente en la comisar\u00eda de nuestra ciudad un remisero de 64 a\u00f1os de edad quien realiz\u00f3 una denuncia. <\/p>\n<p>En su declaraci\u00f3n relata que tras finalizar viajes en el radio urbano de la ciudad, constata el faltante de su telefono celular que se encontraba en el habit\u00e1culo de su autom\u00f3vil de alquiler. <\/p>\n<p>Investiga el hecho la fiscal\u00eda en turno de san pedro<\/p>\n","protected":false},"excerpt":{"rendered":"<p>Este lunesse hizo presente en la comisar\u00eda de nuestra ciudad un remisero de 64 a\u00f1os de edad quien realiz\u00f3 una denuncia. En su declaraci\u00f3n relata que tras finalizar viajes en el radio urbano de la ciudad, constata el faltante de su telefono celular que se encontraba en el habit\u00e1culo de su autom\u00f3vil de alquiler. Investiga [&hellip;]<\/p>\n","protected":false},"author":4,"featured_media":16989,"comment_status":"open","ping_status":"closed","sticky":false,"template":"","format":"standard","meta":{"om_disable_all_campaigns":false,"_jetpack_memberships_contains_paid_content":false,"footnotes":""},"categories":[2,103],"tags":[],"class_list":["post-41923","post","type-post","status-publish","format-standard","has-post-thumbnail","hentry","category-locales","category-policiales-locales"],"aioseo_notices":[],"gutentor_comment":0,"jetpack_featured_media_url":"https:\/\/eldiariodesanpedro.com.ar\/sitio\/wp-content\/uploads\/2017\/04\/DSC_0221-e1492514769862.jpg","jetpack_shortlink":"https:\/\/wp.me\/p6RhLt-aUb","jetpack_sharing_enabled":true,"_links":{"self":[{"href":"https:\/\/eldiariodesanpedro.com.ar\/sitio\/wp-json\/wp\/v2\/posts\/41923","targetHints":{"allow":["GET"]}}],"collection":[{"href":"https:\/\/eldiariodesanpedro.com.ar\/sitio\/wp-json\/wp\/v2\/posts"}],"about":[{"href":"https:\/\/eldiariodesanpedro.com.ar\/sitio\/wp-json\/wp\/v2\/types\/post"}],"author":[{"embeddable":true,"href":"https:\/\/eldiariodesanpedro.com.ar\/sitio\/wp-json\/wp\/v2\/users\/4"}],"replies":[{"embeddable":true,"href":"https:\/\/eldiariodesanpedro.com.ar\/sitio\/wp-json\/wp\/v2\/comments?post=41923"}],"version-history":[{"count":1,"href":"https:\/\/eldiariodesanpedro.com.ar\/sitio\/wp-json\/wp\/v2\/posts\/41923\/revisions"}],"predecessor-version":[{"id":41924,"href":"https:\/\/eldiariodesanpedro.com.ar\/sitio\/wp-json\/wp\/v2\/posts\/41923\/revisions\/41924"}],"wp:featuredmedia":[{"embeddable":true,"href":"https:\/\/eldiariodesanpedro.com.ar\/sitio\/wp-json\/wp\/v2\/media\/16989"}],"wp:attachment":[{"href":"https:\/\/eldiariodesanpedro.com.ar\/sitio\/wp-json\/wp\/v2\/media?parent=41923"}],"wp:term":[{"taxonomy":"category","embeddable":true,"href":"https:\/\/eldiariodesanpedro.com.ar\/sitio\/wp-json\/wp\/v2\/categories?post=41923"},{"taxonomy":"post_tag","embeddable":true,"href":"https:\/\/eldiariodesanpedro.com.ar\/sitio\/wp-json\/wp\/v2\/tags?post=41923"}],"curies":[{"name":"wp","href":"https:\/\/api.w.org\/{rel}","templated":true}]}}