{"id":41920,"date":"2018-10-16T11:44:57","date_gmt":"2018-10-16T14:44:57","guid":{"rendered":"https:\/\/eldiariodesanpedro.com.ar\/sitio\/?p=41920"},"modified":"2018-10-16T11:44:57","modified_gmt":"2018-10-16T14:44:57","slug":"una-joven-herida-en-un-accidente-de-transito","status":"publish","type":"post","link":"https:\/\/eldiariodesanpedro.com.ar\/sitio\/una-joven-herida-en-un-accidente-de-transito\/","title":{"rendered":"Una joven herida en un accidente de tr\u00e1nsito"},"content":{"rendered":"<p><!-- VideographyWP Plugin Message: Automatic video embedding prevented by plugin options. --><br \/>\nEste lunes en horas de la tarde la policia tomo intervecion en un accidente de tr\u00e1nsito entre una camioneta y una moto. <\/p>\n<p>Por causas que se tratan de establecer en G\u00fcemes y Cruz Roja Argentina, donde colisionaron una camioneta pick up conducida por un masculino mayor de edad y una moto tripulada por una pareja joven.<\/p>\n<p>Como conseuencia del impacto, acompa\u00f1ante rodado menor, una mujer de 19 \u00f1os, sufri\u00f3 poluitraumatismo leves siendo trasladada por el SAME a la guardia del nosocomio local. <\/p>\n<p>Investiga el hecho la fiscal\u00eda en turno de san pedro<\/p>\n","protected":false},"excerpt":{"rendered":"<p>Este lunes en horas de la tarde la policia tomo intervecion en un accidente de tr\u00e1nsito entre una camioneta y una moto. Por causas que se tratan de establecer en G\u00fcemes y Cruz Roja Argentina, donde colisionaron una camioneta pick up conducida por un masculino mayor de edad y una moto tripulada por una pareja [&hellip;]<\/p>\n","protected":false},"author":4,"featured_media":25808,"comment_status":"open","ping_status":"closed","sticky":false,"template":"","format":"standard","meta":{"om_disable_all_campaigns":false,"_jetpack_memberships_contains_paid_content":false,"footnotes":""},"categories":[2,103],"tags":[],"class_list":["post-41920","post","type-post","status-publish","format-standard","has-post-thumbnail","hentry","category-locales","category-policiales-locales"],"aioseo_notices":[],"gutentor_comment":0,"jetpack_featured_media_url":"https:\/\/eldiariodesanpedro.com.ar\/sitio\/wp-content\/uploads\/2017\/11\/Los-accidentados-fueron-derivados-a-la-Guardia.jpg","jetpack_shortlink":"https:\/\/wp.me\/p6RhLt-aU8","jetpack_sharing_enabled":true,"_links":{"self":[{"href":"https:\/\/eldiariodesanpedro.com.ar\/sitio\/wp-json\/wp\/v2\/posts\/41920","targetHints":{"allow":["GET"]}}],"collection":[{"href":"https:\/\/eldiariodesanpedro.com.ar\/sitio\/wp-json\/wp\/v2\/posts"}],"about":[{"href":"https:\/\/eldiariodesanpedro.com.ar\/sitio\/wp-json\/wp\/v2\/types\/post"}],"author":[{"embeddable":true,"href":"https:\/\/eldiariodesanpedro.com.ar\/sitio\/wp-json\/wp\/v2\/users\/4"}],"replies":[{"embeddable":true,"href":"https:\/\/eldiariodesanpedro.com.ar\/sitio\/wp-json\/wp\/v2\/comments?post=41920"}],"version-history":[{"count":1,"href":"https:\/\/eldiariodesanpedro.com.ar\/sitio\/wp-json\/wp\/v2\/posts\/41920\/revisions"}],"predecessor-version":[{"id":41921,"href":"https:\/\/eldiariodesanpedro.com.ar\/sitio\/wp-json\/wp\/v2\/posts\/41920\/revisions\/41921"}],"wp:featuredmedia":[{"embeddable":true,"href":"https:\/\/eldiariodesanpedro.com.ar\/sitio\/wp-json\/wp\/v2\/media\/25808"}],"wp:attachment":[{"href":"https:\/\/eldiariodesanpedro.com.ar\/sitio\/wp-json\/wp\/v2\/media?parent=41920"}],"wp:term":[{"taxonomy":"category","embeddable":true,"href":"https:\/\/eldiariodesanpedro.com.ar\/sitio\/wp-json\/wp\/v2\/categories?post=41920"},{"taxonomy":"post_tag","embeddable":true,"href":"https:\/\/eldiariodesanpedro.com.ar\/sitio\/wp-json\/wp\/v2\/tags?post=41920"}],"curies":[{"name":"wp","href":"https:\/\/api.w.org\/{rel}","templated":true}]}}