{"id":41917,"date":"2018-10-16T11:36:45","date_gmt":"2018-10-16T14:36:45","guid":{"rendered":"https:\/\/eldiariodesanpedro.com.ar\/sitio\/?p=41917"},"modified":"2018-10-16T11:36:45","modified_gmt":"2018-10-16T14:36:45","slug":"un-aprehendido-con-un-arma-blanca","status":"publish","type":"post","link":"https:\/\/eldiariodesanpedro.com.ar\/sitio\/un-aprehendido-con-un-arma-blanca\/","title":{"rendered":"Un aprehendido con un arma blanca"},"content":{"rendered":"<p><!-- VideographyWP Plugin Message: Automatic video embedding prevented by plugin options. --><br \/>\nEste lunes en horas del mediod\u00eda la policia alertada por un llamado al 911 acude a calle America al 400 donde se aprehende a un sujeto con antecedentes de 33 a\u00f1os de edad. <\/p>\n<p>Secuestr\u00e1ndosele arma blanca tipo cuchillo y trozo de hierro, con que amenazaba a vecina lugar. <\/p>\n<p>Caco se resisti\u00f3 a la aprehensi\u00f3n en primaer instancia, sin lesionar a los efectivos. <\/p>\n<p>Permanece alojado a dispisicon de la fiscalia en turno de san Pedro. <\/p>\n","protected":false},"excerpt":{"rendered":"<p>Este lunes en horas del mediod\u00eda la policia alertada por un llamado al 911 acude a calle America al 400 donde se aprehende a un sujeto con antecedentes de 33 a\u00f1os de edad. Secuestr\u00e1ndosele arma blanca tipo cuchillo y trozo de hierro, con que amenazaba a vecina lugar. Caco se resisti\u00f3 a la aprehensi\u00f3n en [&hellip;]<\/p>\n","protected":false},"author":4,"featured_media":28826,"comment_status":"open","ping_status":"closed","sticky":false,"template":"","format":"standard","meta":{"om_disable_all_campaigns":false,"_jetpack_memberships_contains_paid_content":false,"footnotes":""},"categories":[2,103],"tags":[],"class_list":["post-41917","post","type-post","status-publish","format-standard","has-post-thumbnail","hentry","category-locales","category-policiales-locales"],"aioseo_notices":[],"gutentor_comment":0,"jetpack_featured_media_url":"https:\/\/eldiariodesanpedro.com.ar\/sitio\/wp-content\/uploads\/2018\/02\/detenido-4.jpg","jetpack_shortlink":"https:\/\/wp.me\/p6RhLt-aU5","jetpack_sharing_enabled":true,"_links":{"self":[{"href":"https:\/\/eldiariodesanpedro.com.ar\/sitio\/wp-json\/wp\/v2\/posts\/41917","targetHints":{"allow":["GET"]}}],"collection":[{"href":"https:\/\/eldiariodesanpedro.com.ar\/sitio\/wp-json\/wp\/v2\/posts"}],"about":[{"href":"https:\/\/eldiariodesanpedro.com.ar\/sitio\/wp-json\/wp\/v2\/types\/post"}],"author":[{"embeddable":true,"href":"https:\/\/eldiariodesanpedro.com.ar\/sitio\/wp-json\/wp\/v2\/users\/4"}],"replies":[{"embeddable":true,"href":"https:\/\/eldiariodesanpedro.com.ar\/sitio\/wp-json\/wp\/v2\/comments?post=41917"}],"version-history":[{"count":1,"href":"https:\/\/eldiariodesanpedro.com.ar\/sitio\/wp-json\/wp\/v2\/posts\/41917\/revisions"}],"predecessor-version":[{"id":41918,"href":"https:\/\/eldiariodesanpedro.com.ar\/sitio\/wp-json\/wp\/v2\/posts\/41917\/revisions\/41918"}],"wp:featuredmedia":[{"embeddable":true,"href":"https:\/\/eldiariodesanpedro.com.ar\/sitio\/wp-json\/wp\/v2\/media\/28826"}],"wp:attachment":[{"href":"https:\/\/eldiariodesanpedro.com.ar\/sitio\/wp-json\/wp\/v2\/media?parent=41917"}],"wp:term":[{"taxonomy":"category","embeddable":true,"href":"https:\/\/eldiariodesanpedro.com.ar\/sitio\/wp-json\/wp\/v2\/categories?post=41917"},{"taxonomy":"post_tag","embeddable":true,"href":"https:\/\/eldiariodesanpedro.com.ar\/sitio\/wp-json\/wp\/v2\/tags?post=41917"}],"curies":[{"name":"wp","href":"https:\/\/api.w.org\/{rel}","templated":true}]}}