{"id":41910,"date":"2018-10-16T09:50:13","date_gmt":"2018-10-16T12:50:13","guid":{"rendered":"https:\/\/eldiariodesanpedro.com.ar\/sitio\/?p=41910"},"modified":"2018-10-16T09:54:39","modified_gmt":"2018-10-16T12:54:39","slug":"coplac-los-trabajadores-estuvieron-en-vigilia-alertados-por-una-orden-judicial-que-buscaba-llevarse-los-moldes-de-general-motors","status":"publish","type":"post","link":"https:\/\/eldiariodesanpedro.com.ar\/sitio\/coplac-los-trabajadores-estuvieron-en-vigilia-alertados-por-una-orden-judicial-que-buscaba-llevarse-los-moldes-de-general-motors\/","title":{"rendered":"COPLAC: Los trabajadores estuvieron en vigilia alertados por una orden judicial que buscaba llevarse los moldes de General Motors"},"content":{"rendered":"<p><!-- VideographyWP Plugin Message: Automatic video embedding prevented by plugin options. --><br \/>\nEsta madrugada los trabajadores de la Empresa COPLAC estuvieron en vigilia a alertados por la llegada de personal policial que buscar\u00e1 rescatar los moldes de General Motors que est\u00e1n dentro de Coplac.<\/p>\n<p>Trabajadores, junto con representantes de las CTAs y CGT, algunos concejales del oficialismo y de la oposici\u00f3n, que tambi\u00e9n se acercaron al enterarse de esta situaci\u00f3n, aguardaban en la puerta de la empresa, siguiendo una orden judicial que en este caso deb\u00eda dictar la Fiscal Viviana Ramos, de retirar los bienes de la empresa de Cordoba General Motors.<\/p>\n<p>Mas de 90 efectivos del Grupo GAD se acercaron en Operativo luego de conocerse una denuncia que un cami\u00f3n proveniente de la prov de C\u00f3rdoba intent\u00f3 llegar a la planta pero fue impedido por cuatro personas armadas, que circulaban en una camioneta gris, quienes seg\u00fan cuenta la denuncia, los interceptaron en Mitre y J.B. Justo y los obligaron a volver, y luego otra vez en la Serena asegur\u00e1ndose que vuelvan a su lugar de origen.<\/p>\n<p>Desde la la planta COPLAC negaron esta situaci\u00f3n.<\/p>\n<p> La Justicia laboral estableci\u00f3 la semana pasada un embargo para los bienes de Vanderlei Sales en resguardo de los trabajadores. Al producirse el embargo, que adem\u00e1s nos adelantaba el Dr Cassini, abogado de los trabajadores, que COPLAC tiene todas las cuentas embargadas, inclusive las de General Motors, con ese dinero ayudar\u00eda a poder terminar de pagar, aunque el due\u00f1o de la empresa insiste en pagar el 50% de la indemnizaci\u00f3n y en cuotas.<\/p>\n<p>La Fiscal Ramos habl\u00f3 sobre la medida de retirar los bienes de la empresa de Cordoba de la planta y aclaro que ella solo intervino para que se lleve a cargo el desalojo que no tiene nada que ver con los trabajadores y estaba molesta con el Dr Cassini por no informar bien la situaci\u00f3n.<\/p>\n<p>El Dr Cassini a esto respondi\u00f3: \u00ablo que piense la Fiscal Ramos es problema de ella, yo estoy aqu\u00ed junto a los trabajadores, que con m\u00e1s de treinta familias que quedaron en la calle, le quieren abonar la mitad de su indemnizaci\u00f3n y en cuotas, y encima le quieren llevar los bienes de la empresa en sus narices que es de lo \u00fanico que tienen  para agarrarse y que COPLAC cumpla con lo que se le debe, me parece que la Dr Ramos no tiene en cuenta la situaci\u00f3n de estas personas\u00bb.<\/p>\n<p>El desalojo de las m\u00e1quinas fue suspendido, a la espera un inventario que se podr\u00e1 hacerse  con los trabajadores junto a su abogado ingresando a la empresa con una orden del juzgado. Ademas, se espera tambi\u00e9n, que la Justicia establezca el embargo sobre los bienes de Vanderlei Sales por 30 millones de pesos en favor de los trabajadores, para que pueda darse el pago total de las indemnizaciones. <\/p>\n","protected":false},"excerpt":{"rendered":"<p>Esta madrugada los trabajadores de la Empresa COPLAC estuvieron en vigilia a alertados por la llegada de personal policial que buscar\u00e1 rescatar los moldes de General Motors que est\u00e1n dentro de Coplac. Trabajadores, junto con representantes de las CTAs y CGT, algunos concejales del oficialismo y de la oposici\u00f3n, que tambi\u00e9n se acercaron al enterarse [&hellip;]<\/p>\n","protected":false},"author":4,"featured_media":41912,"comment_status":"open","ping_status":"closed","sticky":false,"template":"","format":"standard","meta":{"om_disable_all_campaigns":false,"_jetpack_memberships_contains_paid_content":false,"footnotes":""},"categories":[50,101,2],"tags":[],"class_list":["post-41910","post","type-post","status-publish","format-standard","has-post-thumbnail","hentry","category-destacadas","category-interes-general-locales","category-locales"],"aioseo_notices":[],"gutentor_comment":0,"jetpack_featured_media_url":"https:\/\/eldiariodesanpedro.com.ar\/sitio\/wp-content\/uploads\/2018\/10\/WhatsApp-Image-2018-10-16-at-08.17.35.jpeg","jetpack_shortlink":"https:\/\/wp.me\/p6RhLt-aTY","jetpack_sharing_enabled":true,"_links":{"self":[{"href":"https:\/\/eldiariodesanpedro.com.ar\/sitio\/wp-json\/wp\/v2\/posts\/41910","targetHints":{"allow":["GET"]}}],"collection":[{"href":"https:\/\/eldiariodesanpedro.com.ar\/sitio\/wp-json\/wp\/v2\/posts"}],"about":[{"href":"https:\/\/eldiariodesanpedro.com.ar\/sitio\/wp-json\/wp\/v2\/types\/post"}],"author":[{"embeddable":true,"href":"https:\/\/eldiariodesanpedro.com.ar\/sitio\/wp-json\/wp\/v2\/users\/4"}],"replies":[{"embeddable":true,"href":"https:\/\/eldiariodesanpedro.com.ar\/sitio\/wp-json\/wp\/v2\/comments?post=41910"}],"version-history":[{"count":3,"href":"https:\/\/eldiariodesanpedro.com.ar\/sitio\/wp-json\/wp\/v2\/posts\/41910\/revisions"}],"predecessor-version":[{"id":41915,"href":"https:\/\/eldiariodesanpedro.com.ar\/sitio\/wp-json\/wp\/v2\/posts\/41910\/revisions\/41915"}],"wp:featuredmedia":[{"embeddable":true,"href":"https:\/\/eldiariodesanpedro.com.ar\/sitio\/wp-json\/wp\/v2\/media\/41912"}],"wp:attachment":[{"href":"https:\/\/eldiariodesanpedro.com.ar\/sitio\/wp-json\/wp\/v2\/media?parent=41910"}],"wp:term":[{"taxonomy":"category","embeddable":true,"href":"https:\/\/eldiariodesanpedro.com.ar\/sitio\/wp-json\/wp\/v2\/categories?post=41910"},{"taxonomy":"post_tag","embeddable":true,"href":"https:\/\/eldiariodesanpedro.com.ar\/sitio\/wp-json\/wp\/v2\/tags?post=41910"}],"curies":[{"name":"wp","href":"https:\/\/api.w.org\/{rel}","templated":true}]}}