{"id":41903,"date":"2018-10-15T21:56:49","date_gmt":"2018-10-16T00:56:49","guid":{"rendered":"https:\/\/eldiariodesanpedro.com.ar\/sitio\/?p=41903"},"modified":"2018-10-15T21:56:49","modified_gmt":"2018-10-16T00:56:49","slug":"ramallo-sindicatos-locales-repudiaron-las-suspensiones-en-fiplasto","status":"publish","type":"post","link":"https:\/\/eldiariodesanpedro.com.ar\/sitio\/ramallo-sindicatos-locales-repudiaron-las-suspensiones-en-fiplasto\/","title":{"rendered":"RAMALLO: Sindicatos locales repudiaron las suspensiones en Fiplasto"},"content":{"rendered":"<p><!-- VideographyWP Plugin Message: Automatic video embedding prevented by plugin options. --><br \/>\nLa Mesa Sindical Ramallo expres\u00f3 su repudio a las suspensiones de los 113 trabajadores de la empresa Fiplasto SA, adem\u00e1s de solidarizarse con ellos.<\/p>\n<p>  Seg\u00fan la agrupaci\u00f3n, los trabajadores de Fiplasto son v\u00edctimas de la empresa, que no solo hace efectivo la suspensi\u00f3n de las tareas, sino que se vio afectado su salario, percibiendo solo el 80% del mismo. \u201cEsta intempestiva medida genera un manto de incertidumbre, afectando no solo las econom\u00edas familiares de los trabajadores, sino del conjunto del sector comercial de Ramallo\u201d, argumentaron.<br \/>\n  La reuni\u00f3n se realiz\u00f3 en la sede del Sindicato de Trabajadores de Fiplasto, y cont\u00f3 con la presencia del gremio local, ATE, Aceiteros y CTA.<\/p>\n<p>Fuente: Ramallo Informa<\/p>\n","protected":false},"excerpt":{"rendered":"<p>La Mesa Sindical Ramallo expres\u00f3 su repudio a las suspensiones de los 113 trabajadores de la empresa Fiplasto SA, adem\u00e1s de solidarizarse con ellos. Seg\u00fan la agrupaci\u00f3n, los trabajadores de Fiplasto son v\u00edctimas de la empresa, que no solo hace efectivo la suspensi\u00f3n de las tareas, sino que se vio afectado su salario, percibiendo solo [&hellip;]<\/p>\n","protected":false},"author":4,"featured_media":41904,"comment_status":"open","ping_status":"closed","sticky":false,"template":"","format":"standard","meta":{"om_disable_all_campaigns":false,"_jetpack_memberships_contains_paid_content":false,"footnotes":""},"categories":[621],"tags":[],"class_list":["post-41903","post","type-post","status-publish","format-standard","has-post-thumbnail","hentry","category-regionales"],"aioseo_notices":[],"gutentor_comment":0,"jetpack_featured_media_url":"https:\/\/eldiariodesanpedro.com.ar\/sitio\/wp-content\/uploads\/2018\/10\/PAGINA-7-1.jpeg","jetpack_shortlink":"https:\/\/wp.me\/p6RhLt-aTR","jetpack_sharing_enabled":true,"_links":{"self":[{"href":"https:\/\/eldiariodesanpedro.com.ar\/sitio\/wp-json\/wp\/v2\/posts\/41903","targetHints":{"allow":["GET"]}}],"collection":[{"href":"https:\/\/eldiariodesanpedro.com.ar\/sitio\/wp-json\/wp\/v2\/posts"}],"about":[{"href":"https:\/\/eldiariodesanpedro.com.ar\/sitio\/wp-json\/wp\/v2\/types\/post"}],"author":[{"embeddable":true,"href":"https:\/\/eldiariodesanpedro.com.ar\/sitio\/wp-json\/wp\/v2\/users\/4"}],"replies":[{"embeddable":true,"href":"https:\/\/eldiariodesanpedro.com.ar\/sitio\/wp-json\/wp\/v2\/comments?post=41903"}],"version-history":[{"count":1,"href":"https:\/\/eldiariodesanpedro.com.ar\/sitio\/wp-json\/wp\/v2\/posts\/41903\/revisions"}],"predecessor-version":[{"id":41905,"href":"https:\/\/eldiariodesanpedro.com.ar\/sitio\/wp-json\/wp\/v2\/posts\/41903\/revisions\/41905"}],"wp:featuredmedia":[{"embeddable":true,"href":"https:\/\/eldiariodesanpedro.com.ar\/sitio\/wp-json\/wp\/v2\/media\/41904"}],"wp:attachment":[{"href":"https:\/\/eldiariodesanpedro.com.ar\/sitio\/wp-json\/wp\/v2\/media?parent=41903"}],"wp:term":[{"taxonomy":"category","embeddable":true,"href":"https:\/\/eldiariodesanpedro.com.ar\/sitio\/wp-json\/wp\/v2\/categories?post=41903"},{"taxonomy":"post_tag","embeddable":true,"href":"https:\/\/eldiariodesanpedro.com.ar\/sitio\/wp-json\/wp\/v2\/tags?post=41903"}],"curies":[{"name":"wp","href":"https:\/\/api.w.org\/{rel}","templated":true}]}}