{"id":41897,"date":"2018-10-15T21:38:59","date_gmt":"2018-10-16T00:38:59","guid":{"rendered":"https:\/\/eldiariodesanpedro.com.ar\/sitio\/?p=41897"},"modified":"2018-10-15T21:38:59","modified_gmt":"2018-10-16T00:38:59","slug":"campana-vuelco-fatal-en-ruta-12-una-joven-fallecida-y-cinco-heridos","status":"publish","type":"post","link":"https:\/\/eldiariodesanpedro.com.ar\/sitio\/campana-vuelco-fatal-en-ruta-12-una-joven-fallecida-y-cinco-heridos\/","title":{"rendered":"CAMPANA: Vuelco fatal en Ruta 12: una joven fallecida y cinco heridos"},"content":{"rendered":"<p><!-- VideographyWP Plugin Message: Automatic video embedding prevented by plugin options. --><br \/>\nSe intentan determinar las causas en las que una camioneta utilitaria Renault Kangoo volc\u00f3 ayer al mediod\u00eda en el kil\u00f3metro 165 de la ruta 12, dejando como saldo 5 heridos y una persona fallecida, confirm\u00f3 la Polic\u00eda de Entre R\u00edos.<\/p>\n<p>  Se trata de Ail\u00e9n Rajoy, de 20 a\u00f1os, domiciliada en La Matanza al igual que el resto de los ocupantes de la camioneta, que circulaba en sentido Entre R\u00edos a Buenos Aires, en el tramo entre Ceibas y Gualeguay.<br \/>\n  Fuentes oficiales informaron a UNO que la joven falleci\u00f3 en el lugar. Se supo adem\u00e1s que personal de Bomberos de Ceibas debi\u00f3 realizar tareas de rescate con herramientas de corte para extraer el veh\u00edculo al conductor, Jos\u00e9 Luis Rajoy quien fue trasladado al hospital Centenario de Gualeguaych\u00fa junto a dos menores de 9 y 12 a\u00f1os y otros dos mayores. En tanto, se supo que la joven de 20 a\u00f1os falleci\u00f3 en el lugar.<br \/>\n  En la respuesta del accidente intervino el cuerpo de Bomberos Voluntarios de Ceibas, dos ambulancias del hospital regional, personal de la Polic\u00eda de Ceiba y vial de Brazo Largo, con la asistencia de Criminal\u00edstica Isla del Ibicuy.<\/p>\n<p>Parte m\u00e9dico<br \/>\n  Desde la Guardia M\u00e9dica del Hospital Centenario Gualeguaych\u00fa, esta tarde se brind\u00f3 informaci\u00f3n acerca del estado de los heridos. Se supo que los dos adultos y tres menores ingresados este mediod\u00eda ingresaron al nosocomio con heridas de car\u00e1cter moderado a leve.<br \/>\n  En la Guardia se atendi\u00f3 a un hombre de 48 a\u00f1os, el conductor, con los estudios de rutina que se repitieron al resto de los pacientes, es decir, laboratorios, placas de rayos X y Tomograf\u00eda Axial Computada, permanece internado en la Sala 4 de Traumatolog\u00eda por politraumatismos y suturas.<br \/>\n  La esposa es una mujer de 43 a\u00f1os quien tambi\u00e9n sufri\u00f3 politraumatismos y cortes por el accidente. Buena evoluci\u00f3n tras Tomograf\u00eda.<br \/>\n  Entre los menores, Nehuel tiene 8 a\u00f1os, se le aplic\u00f3 suero, se le realiz\u00f3 placas de Rayos X, est\u00e1 estabilizado con cuello ortop\u00e9dico. Por un cuadro de hipotensi\u00f3n, el pediatra en turno recomend\u00f3 que permanezca internado en observaci\u00f3n.<br \/>\n  El joven Lautaro de 18 a\u00f1os sufri\u00f3 politraumatismos leves y hematomas en el rostro, presenta buen estado general y est\u00e1 al cuidado de sus hermanos con la asistencia del personal de Guardia.<br \/>\n  La ni\u00f1a Roc\u00edo de 11 a\u00f1os, tambi\u00e9n est\u00e1 en buen estado en general, est\u00e1 alojada en la sala de Pediatr\u00eda por los politraumatismos.<\/p>\n<p>Fuente: Enlace Cr\u00edtico<\/p>\n","protected":false},"excerpt":{"rendered":"<p>Se intentan determinar las causas en las que una camioneta utilitaria Renault Kangoo volc\u00f3 ayer al mediod\u00eda en el kil\u00f3metro 165 de la ruta 12, dejando como saldo 5 heridos y una persona fallecida, confirm\u00f3 la Polic\u00eda de Entre R\u00edos. Se trata de Ail\u00e9n Rajoy, de 20 a\u00f1os, domiciliada en La Matanza al igual que [&hellip;]<\/p>\n","protected":false},"author":4,"featured_media":41900,"comment_status":"open","ping_status":"closed","sticky":false,"template":"","format":"standard","meta":{"om_disable_all_campaigns":false,"_jetpack_memberships_contains_paid_content":false,"footnotes":""},"categories":[621],"tags":[],"class_list":["post-41897","post","type-post","status-publish","format-standard","has-post-thumbnail","hentry","category-regionales"],"aioseo_notices":[],"gutentor_comment":0,"jetpack_featured_media_url":"https:\/\/eldiariodesanpedro.com.ar\/sitio\/wp-content\/uploads\/2018\/10\/Vuelco-fatal-en-Ruta-12-una-joven-fallecida-y-cinco-heridos.jpg","jetpack_shortlink":"https:\/\/wp.me\/p6RhLt-aTL","jetpack_sharing_enabled":true,"_links":{"self":[{"href":"https:\/\/eldiariodesanpedro.com.ar\/sitio\/wp-json\/wp\/v2\/posts\/41897","targetHints":{"allow":["GET"]}}],"collection":[{"href":"https:\/\/eldiariodesanpedro.com.ar\/sitio\/wp-json\/wp\/v2\/posts"}],"about":[{"href":"https:\/\/eldiariodesanpedro.com.ar\/sitio\/wp-json\/wp\/v2\/types\/post"}],"author":[{"embeddable":true,"href":"https:\/\/eldiariodesanpedro.com.ar\/sitio\/wp-json\/wp\/v2\/users\/4"}],"replies":[{"embeddable":true,"href":"https:\/\/eldiariodesanpedro.com.ar\/sitio\/wp-json\/wp\/v2\/comments?post=41897"}],"version-history":[{"count":1,"href":"https:\/\/eldiariodesanpedro.com.ar\/sitio\/wp-json\/wp\/v2\/posts\/41897\/revisions"}],"predecessor-version":[{"id":41901,"href":"https:\/\/eldiariodesanpedro.com.ar\/sitio\/wp-json\/wp\/v2\/posts\/41897\/revisions\/41901"}],"wp:featuredmedia":[{"embeddable":true,"href":"https:\/\/eldiariodesanpedro.com.ar\/sitio\/wp-json\/wp\/v2\/media\/41900"}],"wp:attachment":[{"href":"https:\/\/eldiariodesanpedro.com.ar\/sitio\/wp-json\/wp\/v2\/media?parent=41897"}],"wp:term":[{"taxonomy":"category","embeddable":true,"href":"https:\/\/eldiariodesanpedro.com.ar\/sitio\/wp-json\/wp\/v2\/categories?post=41897"},{"taxonomy":"post_tag","embeddable":true,"href":"https:\/\/eldiariodesanpedro.com.ar\/sitio\/wp-json\/wp\/v2\/tags?post=41897"}],"curies":[{"name":"wp","href":"https:\/\/api.w.org\/{rel}","templated":true}]}}