{"id":41893,"date":"2018-10-15T21:37:07","date_gmt":"2018-10-16T00:37:07","guid":{"rendered":"https:\/\/eldiariodesanpedro.com.ar\/sitio\/?p=41893"},"modified":"2018-10-15T21:37:07","modified_gmt":"2018-10-16T00:37:07","slug":"zarate-un-juez-participo-del-accidente-con-dos-muertos-en-el-puente-zarate-brazo-largo","status":"publish","type":"post","link":"https:\/\/eldiariodesanpedro.com.ar\/sitio\/zarate-un-juez-participo-del-accidente-con-dos-muertos-en-el-puente-zarate-brazo-largo\/","title":{"rendered":"Z\u00c1RATE: Un Juez particip\u00f3 del accidente con dos muertos en el Puente Z\u00e1rate-Brazo Largo"},"content":{"rendered":"<p><!-- VideographyWP Plugin Message: Automatic video embedding prevented by plugin options. --><br \/>\nEn el interior del complejo Brazo Largo-Z\u00e1rate se produjo el lunes por la ma\u00f1ana un violento choque que dej\u00f3 como saldo dos personas muertas.<\/p>\n<p>  Desde Bomberos Voluntarios de Z\u00e1rate, se inform\u00f3 que cerca de las 8 hs se produjo el incidente vial en la mano Entre R\u00edos-Buenos Aires.<br \/>\n  Por motivos que se tratar\u00e1n de establecer, ingresaba a Buenos Aires un Chevrolet con tres personas, hasta que en un momento determinado un VW Gol se cruz\u00f3 en la ruta intentando pasar hacia otra parte de Z\u00e1rate.<br \/>\n  En la maniobra se produjo la violenta colisi\u00f3n, impactando el veh\u00edculo de Entre R\u00edos a la altura de la puerta del acompa\u00f1ante. Esto determin\u00f3 que el Gol terminara impactando contra una de las columnas del Puente.<br \/>\n  Los dos hombres que viajaban en este veh\u00edculo de 58 y 60 a\u00f1os, oriundos de la localidad de Pilar, murieron en el acto. Los mismos llevaban equipos de pesca.<br \/>\n  En tanto, en el restante veh\u00edculo, viajaba el juez de Menores de Concepci\u00f3n del Uruguay Andr\u00e9s Torres. El funcionario judicial iba junto a su esposa y la hija.<br \/>\n  A causa del suceso los tres sufrieron golpes y lesiones que fueron asistidos en el hospital zonal Virgen del Carmen.<\/p>\n<p>Fuente: Impacto Local<\/p>\n","protected":false},"excerpt":{"rendered":"<p>En el interior del complejo Brazo Largo-Z\u00e1rate se produjo el lunes por la ma\u00f1ana un violento choque que dej\u00f3 como saldo dos personas muertas. Desde Bomberos Voluntarios de Z\u00e1rate, se inform\u00f3 que cerca de las 8 hs se produjo el incidente vial en la mano Entre R\u00edos-Buenos Aires. Por motivos que se tratar\u00e1n de establecer, [&hellip;]<\/p>\n","protected":false},"author":4,"featured_media":41896,"comment_status":"open","ping_status":"closed","sticky":false,"template":"","format":"standard","meta":{"om_disable_all_campaigns":false,"_jetpack_memberships_contains_paid_content":false,"footnotes":""},"categories":[621],"tags":[],"class_list":["post-41893","post","type-post","status-publish","format-standard","has-post-thumbnail","hentry","category-regionales"],"aioseo_notices":[],"gutentor_comment":0,"jetpack_featured_media_url":"https:\/\/eldiariodesanpedro.com.ar\/sitio\/wp-content\/uploads\/2018\/10\/IMG-20181013-WA0001-696x370.jpg","jetpack_shortlink":"https:\/\/wp.me\/p6RhLt-aTH","jetpack_sharing_enabled":true,"_links":{"self":[{"href":"https:\/\/eldiariodesanpedro.com.ar\/sitio\/wp-json\/wp\/v2\/posts\/41893","targetHints":{"allow":["GET"]}}],"collection":[{"href":"https:\/\/eldiariodesanpedro.com.ar\/sitio\/wp-json\/wp\/v2\/posts"}],"about":[{"href":"https:\/\/eldiariodesanpedro.com.ar\/sitio\/wp-json\/wp\/v2\/types\/post"}],"author":[{"embeddable":true,"href":"https:\/\/eldiariodesanpedro.com.ar\/sitio\/wp-json\/wp\/v2\/users\/4"}],"replies":[{"embeddable":true,"href":"https:\/\/eldiariodesanpedro.com.ar\/sitio\/wp-json\/wp\/v2\/comments?post=41893"}],"version-history":[{"count":1,"href":"https:\/\/eldiariodesanpedro.com.ar\/sitio\/wp-json\/wp\/v2\/posts\/41893\/revisions"}],"predecessor-version":[{"id":41898,"href":"https:\/\/eldiariodesanpedro.com.ar\/sitio\/wp-json\/wp\/v2\/posts\/41893\/revisions\/41898"}],"wp:featuredmedia":[{"embeddable":true,"href":"https:\/\/eldiariodesanpedro.com.ar\/sitio\/wp-json\/wp\/v2\/media\/41896"}],"wp:attachment":[{"href":"https:\/\/eldiariodesanpedro.com.ar\/sitio\/wp-json\/wp\/v2\/media?parent=41893"}],"wp:term":[{"taxonomy":"category","embeddable":true,"href":"https:\/\/eldiariodesanpedro.com.ar\/sitio\/wp-json\/wp\/v2\/categories?post=41893"},{"taxonomy":"post_tag","embeddable":true,"href":"https:\/\/eldiariodesanpedro.com.ar\/sitio\/wp-json\/wp\/v2\/tags?post=41893"}],"curies":[{"name":"wp","href":"https:\/\/api.w.org\/{rel}","templated":true}]}}