{"id":41892,"date":"2018-10-15T21:37:07","date_gmt":"2018-10-16T00:37:07","guid":{"rendered":"https:\/\/eldiariodesanpedro.com.ar\/sitio\/?p=41892"},"modified":"2018-10-15T21:37:07","modified_gmt":"2018-10-16T00:37:07","slug":"ramallo-choque-frontal-un-muerto-y-varios-lesionados","status":"publish","type":"post","link":"https:\/\/eldiariodesanpedro.com.ar\/sitio\/ramallo-choque-frontal-un-muerto-y-varios-lesionados\/","title":{"rendered":"RAMALLO, Choque frontal: Un muerto y varios lesionados"},"content":{"rendered":"<p><!-- VideographyWP Plugin Message: Automatic video embedding prevented by plugin options. --><br \/>\nOcurri\u00f3 el s\u00e1bado las 05:07 hs. Se convoc\u00f3 a personal de Bomberos Voluntarios por accidente en Camino de la Costa altura acceso al basural.<\/p>\n<p>&nbsp;<\/p>\n<p>Al lugar se dirigieron 2 dotaciones de bomberos que a su llegada se encontraron con la coalici\u00f3n de un minibus conducido por Luis Espandrio de San Nicol\u00e1s, que circulaba en sentido Ramallo &#8211; San Nicol\u00e1s con 22 pasajeros y, un autom\u00f3vil Peugeot 205 conducido por el joven Diego Victoria de 31 a\u00f1os, oriundo de Ramallo, empleado de la empresa Bunge, quien falleci\u00f3 como consecuencia del impacto.<\/p>\n<p>Se realizaron tareas de rescate y los heridos fueron trasladados al Hospital Gomendio.<\/p>\n<p>&nbsp;<\/p>\n<p>Fuente: La Radio Ramallo<\/p>\n","protected":false},"excerpt":{"rendered":"<p>Ocurri\u00f3 el s\u00e1bado las 05:07 hs. Se convoc\u00f3 a personal de Bomberos Voluntarios por accidente en Camino de la Costa altura acceso al basural. &nbsp; Al lugar se dirigieron 2 dotaciones de bomberos que a su llegada se encontraron con la coalici\u00f3n de un minibus conducido por Luis Espandrio de San Nicol\u00e1s, que circulaba en [&hellip;]<\/p>\n","protected":false},"author":4,"featured_media":41895,"comment_status":"open","ping_status":"closed","sticky":false,"template":"","format":"standard","meta":{"om_disable_all_campaigns":false,"_jetpack_memberships_contains_paid_content":false,"footnotes":""},"categories":[621],"tags":[],"class_list":["post-41892","post","type-post","status-publish","format-standard","has-post-thumbnail","hentry","category-regionales"],"aioseo_notices":[],"gutentor_comment":0,"jetpack_featured_media_url":"https:\/\/eldiariodesanpedro.com.ar\/sitio\/wp-content\/uploads\/2018\/10\/Choque-frontal-Un-muerto-y-varios-lesionados.jpg","jetpack_shortlink":"https:\/\/wp.me\/p6RhLt-aTG","jetpack_sharing_enabled":true,"_links":{"self":[{"href":"https:\/\/eldiariodesanpedro.com.ar\/sitio\/wp-json\/wp\/v2\/posts\/41892","targetHints":{"allow":["GET"]}}],"collection":[{"href":"https:\/\/eldiariodesanpedro.com.ar\/sitio\/wp-json\/wp\/v2\/posts"}],"about":[{"href":"https:\/\/eldiariodesanpedro.com.ar\/sitio\/wp-json\/wp\/v2\/types\/post"}],"author":[{"embeddable":true,"href":"https:\/\/eldiariodesanpedro.com.ar\/sitio\/wp-json\/wp\/v2\/users\/4"}],"replies":[{"embeddable":true,"href":"https:\/\/eldiariodesanpedro.com.ar\/sitio\/wp-json\/wp\/v2\/comments?post=41892"}],"version-history":[{"count":1,"href":"https:\/\/eldiariodesanpedro.com.ar\/sitio\/wp-json\/wp\/v2\/posts\/41892\/revisions"}],"predecessor-version":[{"id":41899,"href":"https:\/\/eldiariodesanpedro.com.ar\/sitio\/wp-json\/wp\/v2\/posts\/41892\/revisions\/41899"}],"wp:featuredmedia":[{"embeddable":true,"href":"https:\/\/eldiariodesanpedro.com.ar\/sitio\/wp-json\/wp\/v2\/media\/41895"}],"wp:attachment":[{"href":"https:\/\/eldiariodesanpedro.com.ar\/sitio\/wp-json\/wp\/v2\/media?parent=41892"}],"wp:term":[{"taxonomy":"category","embeddable":true,"href":"https:\/\/eldiariodesanpedro.com.ar\/sitio\/wp-json\/wp\/v2\/categories?post=41892"},{"taxonomy":"post_tag","embeddable":true,"href":"https:\/\/eldiariodesanpedro.com.ar\/sitio\/wp-json\/wp\/v2\/tags?post=41892"}],"curies":[{"name":"wp","href":"https:\/\/api.w.org\/{rel}","templated":true}]}}