{"id":41885,"date":"2018-10-15T20:40:14","date_gmt":"2018-10-15T23:40:14","guid":{"rendered":"https:\/\/eldiariodesanpedro.com.ar\/sitio\/?p=41885"},"modified":"2026-01-24T00:09:18","modified_gmt":"2026-01-24T03:09:18","slug":"juegos-olimpicos-de-la-juventud-san-pedro-vivio-una-jornada-historica-con-dos-medallas-cittadini-romairone-oro-en-vela-y-bronce-para-rossi-en-canotaje-destefano-finalizo-cuarta-en-gran-act","status":"publish","type":"post","link":"https:\/\/eldiariodesanpedro.com.ar\/sitio\/juegos-olimpicos-de-la-juventud-san-pedro-vivio-una-jornada-historica-con-dos-medallas-cittadini-romairone-oro-en-vela-y-bronce-para-rossi-en-canotaje-destefano-finalizo-cuarta-en-gran-act\/","title":{"rendered":"JUEGOS OL\u00cdMPICOS DE LA JUVENTUD: San Pedro vivi\u00f3 una jornada hist\u00f3rica con dos medallas: Cittadini-Romairone Oro en Vela y Bronce para Rossi en Canotaje. D\u2019Est\u00e9fano finaliz\u00f3 cuarta en gran actuaci\u00f3n"},"content":{"rendered":"<p><!-- VideographyWP Plugin Message: Automatic video embedding prevented by plugin options. --><br \/>\nDos sampedrinos fueron medalla en los Juegos Ol\u00edmpicos de la Juventud Buenos Aires 2018, ambos en deportes n\u00e1uticos, a la medalla de Oro de Dante Cittadini (Vela) le sumamos la de bronce en Canotaje de Valent\u00edn Rossi en un d\u00eda hist\u00f3rico para el deporte local. Tambi\u00e9n es de destacar la cuarta ubicaci\u00f3n en Canotaje de Rebeca D&#8217;Est\u00e9fano.<br \/>\nValent\u00edn Rossi Medalla de Bronce<br \/>\n  La jornada de s\u00e1bado fue de m\u00faltiples \u00e9xitos para la delegaci\u00f3n argentina que compite en los Juegos Ol\u00edmpicos de la Juventud: Valent\u00edn Rossi aport\u00f3 una medalla de bronce tras culminar en el tercer lugar en kayak de velocidad uno contra uno.<br \/>\n  El joven de 16 a\u00f1os consigui\u00f3 vencer al polaco Wojciech Pilarz en el duelo por el tercer puesto, con un tiempo de 1:38.880 contra 1:41.110. El primer lugar lo ocup\u00f3 el h\u00fangaro Adam Kiss (1:38.770), quien venci\u00f3 en la final al belga Jules Vangeel (1:39.880), propietario de la medalla de plata.<br \/>\n  \u201cEl objetivo era conseguir una medalla, lo logramos y estoy muy agradecido por el apoyo que me dieron\u201d, expres\u00f3 un emocionado Rossi.<br \/>\n  Rossi volver\u00e1 a tener acci\u00f3n el pr\u00f3ximo martes 16 de octubre desde las 11 cuando sea parte de la categor\u00eda kayak slalom con obst\u00e1culos.<br \/>\n  D&#8217;Est\u00e9fano el lunes y Rossi volver\u00e1n a tener actividad el lunes y martes pr\u00f3ximo en distintas especialidades. \u00bf13 de octubre D\u00eda del Deportista Sampedrino?<\/p>\n<p><strong>Cittadini-Romairone Medalla de Oro<\/strong><br \/>\n  La Argentina consigui\u00f3 este s\u00e1bado la tercera medalla de oro en los Juegos Ol\u00edmpicos de la Juventud. Esta vez lleg\u00f3 desde el agua: Dante Cittadini y Teresa Romairone ganaron en Nacra 15 mixto.<br \/>\n  Finalizaron sextos en la medal race y gracias a la gran performance de las regatas anteriores consiguieron la mejor posici\u00f3n en su categor\u00eda. La dupla se conform\u00f3 en febrero de este a\u00f1o y enseguida comenzaron a brillar con excelentes resultados.<br \/>\n  La pareja argentina era candidata a llevarse la medalla y lo confirm\u00f3. Fueron campeones en el Mundial Juvenil de julio pasado, en Estados Unidos. Adem\u00e1s, luego de eso, ganaron el Campeonato Juvenil Europeo en agosto.<br \/>\n  Es la tercera medalla de oro para la Argentina, tras las que consiguieron Agustina Roth e I\u00f1aki Mazza (BMX Freestyle) y Sol Ord\u00e1s (remo, single scull). <\/p>\n<p><strong>Rebeca D\u2019Est\u00e9fano<\/strong><br \/>\n  La sampedrina tuvo una excelente actuaci\u00f3n, quedando entre las mejores palistas del mundo.<br \/>\n  D&#8217;Est\u00e9fano super\u00f3 las dos primeras etapas hasta arribar a los cuartos de final, ronda que la dejaba en las puertas de la definici\u00f3n, pero hasta all\u00ed llegaron las ilusiones de la joven palista. Fue superada por la eslovaca Katarina Pecsukova que luego lleg\u00f3 a la final y gan\u00f3 la medalla de plata.<\/p>\n<p><img decoding=\"async\" data-attachment-id=\"41889\" data-permalink=\"https:\/\/eldiariodesanpedro.com.ar\/sitio\/juegos-olimpicos-de-la-juventud-san-pedro-vivio-una-jornada-historica-con-dos-medallas-cittadini-romairone-oro-en-vela-y-bronce-para-rossi-en-canotaje-destefano-finalizo-cuarta-en-gran-act\/foto-1-rossi\/\" data-orig-file=\"https:\/\/eldiariodesanpedro.com.ar\/sitio\/wp-content\/uploads\/2018\/10\/foto-1-ROSSI.jpg\" data-orig-size=\"328,154\" data-comments-opened=\"1\" data-image-meta=\"{&quot;aperture&quot;:&quot;0&quot;,&quot;credit&quot;:&quot;&quot;,&quot;camera&quot;:&quot;&quot;,&quot;caption&quot;:&quot;&quot;,&quot;created_timestamp&quot;:&quot;0&quot;,&quot;copyright&quot;:&quot;&quot;,&quot;focal_length&quot;:&quot;0&quot;,&quot;iso&quot;:&quot;0&quot;,&quot;shutter_speed&quot;:&quot;0&quot;,&quot;title&quot;:&quot;&quot;,&quot;orientation&quot;:&quot;0&quot;}\" data-image-title=\"foto 1 ROSSI\" data-image-description=\"\" data-image-caption=\"\" data-large-file=\"https:\/\/eldiariodesanpedro.com.ar\/sitio\/wp-content\/uploads\/2018\/10\/foto-1-ROSSI.jpg\" data-src=\"https:\/\/eldiariodesanpedro.com.ar\/sitio\/wp-content\/uploads\/2018\/10\/foto-1-ROSSI.jpg\" alt=\"\" width=\"328\" height=\"154\" class=\"alignnone size-full wp-image-41889 lazyload\" data-srcset=\"https:\/\/eldiariodesanpedro.com.ar\/sitio\/wp-content\/uploads\/2018\/10\/foto-1-ROSSI.jpg 328w, https:\/\/eldiariodesanpedro.com.ar\/sitio\/wp-content\/uploads\/2018\/10\/foto-1-ROSSI-300x141.jpg 300w\" data-sizes=\"(max-width: 328px) 100vw, 328px\" src=\"data:image\/svg+xml;base64,PHN2ZyB3aWR0aD0iMSIgaGVpZ2h0PSIxIiB4bWxucz0iaHR0cDovL3d3dy53My5vcmcvMjAwMC9zdmciPjwvc3ZnPg==\" style=\"--smush-placeholder-width: 328px; --smush-placeholder-aspect-ratio: 328\/154;\" \/><br \/>\n<strong>Valent\u00edn Rossi<\/strong><\/p>\n<p><img decoding=\"async\" data-attachment-id=\"41890\" data-permalink=\"https:\/\/eldiariodesanpedro.com.ar\/sitio\/juegos-olimpicos-de-la-juventud-san-pedro-vivio-una-jornada-historica-con-dos-medallas-cittadini-romairone-oro-en-vela-y-bronce-para-rossi-en-canotaje-destefano-finalizo-cuarta-en-gran-act\/foto-3-rebeca\/\" data-orig-file=\"https:\/\/eldiariodesanpedro.com.ar\/sitio\/wp-content\/uploads\/2018\/10\/foto-3-rebeca.jpg\" data-orig-size=\"960,640\" data-comments-opened=\"1\" data-image-meta=\"{&quot;aperture&quot;:&quot;0&quot;,&quot;credit&quot;:&quot;&quot;,&quot;camera&quot;:&quot;&quot;,&quot;caption&quot;:&quot;&quot;,&quot;created_timestamp&quot;:&quot;0&quot;,&quot;copyright&quot;:&quot;&quot;,&quot;focal_length&quot;:&quot;0&quot;,&quot;iso&quot;:&quot;0&quot;,&quot;shutter_speed&quot;:&quot;0&quot;,&quot;title&quot;:&quot;&quot;,&quot;orientation&quot;:&quot;0&quot;}\" data-image-title=\"foto 3 rebeca\" data-image-description=\"\" data-image-caption=\"\" data-large-file=\"https:\/\/eldiariodesanpedro.com.ar\/sitio\/wp-content\/uploads\/2018\/10\/foto-3-rebeca.jpg\" data-src=\"https:\/\/eldiariodesanpedro.com.ar\/sitio\/wp-content\/uploads\/2018\/10\/foto-3-rebeca.jpg\" alt=\"\" width=\"960\" height=\"640\" class=\"alignnone size-full wp-image-41890 lazyload\" data-srcset=\"https:\/\/eldiariodesanpedro.com.ar\/sitio\/wp-content\/uploads\/2018\/10\/foto-3-rebeca.jpg 960w, https:\/\/eldiariodesanpedro.com.ar\/sitio\/wp-content\/uploads\/2018\/10\/foto-3-rebeca-300x200.jpg 300w, https:\/\/eldiariodesanpedro.com.ar\/sitio\/wp-content\/uploads\/2018\/10\/foto-3-rebeca-768x512.jpg 768w\" data-sizes=\"(max-width: 960px) 100vw, 960px\" src=\"data:image\/svg+xml;base64,PHN2ZyB3aWR0aD0iMSIgaGVpZ2h0PSIxIiB4bWxucz0iaHR0cDovL3d3dy53My5vcmcvMjAwMC9zdmciPjwvc3ZnPg==\" style=\"--smush-placeholder-width: 960px; --smush-placeholder-aspect-ratio: 960\/640;\" \/><br \/>\n<strong>Rebeca D\u2019Est\u00e9fano<\/strong><\/p>\n","protected":false},"excerpt":{"rendered":"<p>Dos sampedrinos fueron medalla en los Juegos Ol\u00edmpicos de la Juventud Buenos Aires 2018, ambos en deportes n\u00e1uticos, a la medalla de Oro de Dante Cittadini (Vela) le sumamos la de bronce en Canotaje de Valent\u00edn Rossi en un d\u00eda hist\u00f3rico para el deporte local. Tambi\u00e9n es de destacar la cuarta ubicaci\u00f3n en Canotaje de [&hellip;]<\/p>\n","protected":false},"author":4,"featured_media":41888,"comment_status":"open","ping_status":"closed","sticky":false,"template":"","format":"standard","meta":{"om_disable_all_campaigns":false,"_jetpack_memberships_contains_paid_content":false,"footnotes":""},"categories":[5],"tags":[],"class_list":["post-41885","post","type-post","status-publish","format-standard","has-post-thumbnail","hentry","category-deportes"],"aioseo_notices":[],"gutentor_comment":0,"jetpack_featured_media_url":"https:\/\/eldiariodesanpedro.com.ar\/sitio\/wp-content\/uploads\/2018\/10\/foto-2-CITTADINI-ROMEIRONE.jpg","jetpack_shortlink":"https:\/\/wp.me\/p6RhLt-aTz","jetpack_sharing_enabled":true,"_links":{"self":[{"href":"https:\/\/eldiariodesanpedro.com.ar\/sitio\/wp-json\/wp\/v2\/posts\/41885","targetHints":{"allow":["GET"]}}],"collection":[{"href":"https:\/\/eldiariodesanpedro.com.ar\/sitio\/wp-json\/wp\/v2\/posts"}],"about":[{"href":"https:\/\/eldiariodesanpedro.com.ar\/sitio\/wp-json\/wp\/v2\/types\/post"}],"author":[{"embeddable":true,"href":"https:\/\/eldiariodesanpedro.com.ar\/sitio\/wp-json\/wp\/v2\/users\/4"}],"replies":[{"embeddable":true,"href":"https:\/\/eldiariodesanpedro.com.ar\/sitio\/wp-json\/wp\/v2\/comments?post=41885"}],"version-history":[{"count":1,"href":"https:\/\/eldiariodesanpedro.com.ar\/sitio\/wp-json\/wp\/v2\/posts\/41885\/revisions"}],"predecessor-version":[{"id":41891,"href":"https:\/\/eldiariodesanpedro.com.ar\/sitio\/wp-json\/wp\/v2\/posts\/41885\/revisions\/41891"}],"wp:featuredmedia":[{"embeddable":true,"href":"https:\/\/eldiariodesanpedro.com.ar\/sitio\/wp-json\/wp\/v2\/media\/41888"}],"wp:attachment":[{"href":"https:\/\/eldiariodesanpedro.com.ar\/sitio\/wp-json\/wp\/v2\/media?parent=41885"}],"wp:term":[{"taxonomy":"category","embeddable":true,"href":"https:\/\/eldiariodesanpedro.com.ar\/sitio\/wp-json\/wp\/v2\/categories?post=41885"},{"taxonomy":"post_tag","embeddable":true,"href":"https:\/\/eldiariodesanpedro.com.ar\/sitio\/wp-json\/wp\/v2\/tags?post=41885"}],"curies":[{"name":"wp","href":"https:\/\/api.w.org\/{rel}","templated":true}]}}