{"id":41849,"date":"2018-10-13T10:57:16","date_gmt":"2018-10-13T13:57:16","guid":{"rendered":"https:\/\/eldiariodesanpedro.com.ar\/sitio\/?p=41849"},"modified":"2018-10-13T10:57:16","modified_gmt":"2018-10-13T13:57:16","slug":"aprehendieron-a-dos-delincuentes-con-frondosos-antecedentes-con-elementos-robados-en-su-poder","status":"publish","type":"post","link":"https:\/\/eldiariodesanpedro.com.ar\/sitio\/aprehendieron-a-dos-delincuentes-con-frondosos-antecedentes-con-elementos-robados-en-su-poder\/","title":{"rendered":"Aprehendieron a dos delincuentes con frondosos antecedentes con elementos robados en su poder"},"content":{"rendered":"<p><!-- VideographyWP Plugin Message: Automatic video embedding prevented by plugin options. --><br \/>\nEn la noche del viernes, promediando las 23hs, Personal del Gabinete Criminol\u00f3gico, en  intersecci\u00f3n de las calles G\u00fcemes e\/ Hermano Indio y Cruz Roja, aprehendi\u00f3 a dos masculinos con frondosos antecedentes.<\/p>\n<p>Tras una persecuci\u00f3n policial finalmente fueron detenidos, dos j\u00f3venes  de 27 y 22 a\u00f1os de edad, secuestr\u00e1ndose en su poder parte de efectos que sustrajeran de una vivienda situada de calle Chacabuco al 1000.<\/p>\n<p>Ademas se les secuestro una motocicleta en la que circulaban. Interviene la fiscal\u00eda en turno de San Pedro, permaneciendo alojados los aprehendidos en sede policial.<\/p>\n<p>Luego por la noche tambi\u00e9n, delincuentes ignorados le sustrajeron una motocicleta a una ciudadana, entre las 2 y las 6hs, que hab\u00eda dejado estacionada en la playa de la estaci\u00f3n de servicio ubicada en  Mitre y 3 de Febrero. <\/p>\n","protected":false},"excerpt":{"rendered":"<p>En la noche del viernes, promediando las 23hs, Personal del Gabinete Criminol\u00f3gico, en intersecci\u00f3n de las calles G\u00fcemes e\/ Hermano Indio y Cruz Roja, aprehendi\u00f3 a dos masculinos con frondosos antecedentes. Tras una persecuci\u00f3n policial finalmente fueron detenidos, dos j\u00f3venes de 27 y 22 a\u00f1os de edad, secuestr\u00e1ndose en su poder parte de efectos que [&hellip;]<\/p>\n","protected":false},"author":4,"featured_media":41850,"comment_status":"open","ping_status":"closed","sticky":false,"template":"","format":"standard","meta":{"om_disable_all_campaigns":false,"_jetpack_memberships_contains_paid_content":false,"footnotes":""},"categories":[2,103],"tags":[],"class_list":["post-41849","post","type-post","status-publish","format-standard","has-post-thumbnail","hentry","category-locales","category-policiales-locales"],"aioseo_notices":[],"gutentor_comment":0,"jetpack_featured_media_url":"https:\/\/eldiariodesanpedro.com.ar\/sitio\/wp-content\/uploads\/2018\/10\/WhatsApp-Image-2018-10-13-at-10.22.02.jpeg","jetpack_shortlink":"https:\/\/wp.me\/p6RhLt-aSZ","jetpack_sharing_enabled":true,"_links":{"self":[{"href":"https:\/\/eldiariodesanpedro.com.ar\/sitio\/wp-json\/wp\/v2\/posts\/41849","targetHints":{"allow":["GET"]}}],"collection":[{"href":"https:\/\/eldiariodesanpedro.com.ar\/sitio\/wp-json\/wp\/v2\/posts"}],"about":[{"href":"https:\/\/eldiariodesanpedro.com.ar\/sitio\/wp-json\/wp\/v2\/types\/post"}],"author":[{"embeddable":true,"href":"https:\/\/eldiariodesanpedro.com.ar\/sitio\/wp-json\/wp\/v2\/users\/4"}],"replies":[{"embeddable":true,"href":"https:\/\/eldiariodesanpedro.com.ar\/sitio\/wp-json\/wp\/v2\/comments?post=41849"}],"version-history":[{"count":1,"href":"https:\/\/eldiariodesanpedro.com.ar\/sitio\/wp-json\/wp\/v2\/posts\/41849\/revisions"}],"predecessor-version":[{"id":41851,"href":"https:\/\/eldiariodesanpedro.com.ar\/sitio\/wp-json\/wp\/v2\/posts\/41849\/revisions\/41851"}],"wp:featuredmedia":[{"embeddable":true,"href":"https:\/\/eldiariodesanpedro.com.ar\/sitio\/wp-json\/wp\/v2\/media\/41850"}],"wp:attachment":[{"href":"https:\/\/eldiariodesanpedro.com.ar\/sitio\/wp-json\/wp\/v2\/media?parent=41849"}],"wp:term":[{"taxonomy":"category","embeddable":true,"href":"https:\/\/eldiariodesanpedro.com.ar\/sitio\/wp-json\/wp\/v2\/categories?post=41849"},{"taxonomy":"post_tag","embeddable":true,"href":"https:\/\/eldiariodesanpedro.com.ar\/sitio\/wp-json\/wp\/v2\/tags?post=41849"}],"curies":[{"name":"wp","href":"https:\/\/api.w.org\/{rel}","templated":true}]}}