{"id":41847,"date":"2018-10-13T10:30:05","date_gmt":"2018-10-13T13:30:05","guid":{"rendered":"https:\/\/eldiariodesanpedro.com.ar\/sitio\/?p=41847"},"modified":"2018-10-13T10:30:05","modified_gmt":"2018-10-13T13:30:05","slug":"baradero-el-comisario-catalano-asumio-como-segundo-jefe-en-la-policia-comunal-baradero","status":"publish","type":"post","link":"https:\/\/eldiariodesanpedro.com.ar\/sitio\/baradero-el-comisario-catalano-asumio-como-segundo-jefe-en-la-policia-comunal-baradero\/","title":{"rendered":"BARADERO: El Comisario Catalano asumi\u00f3 como segundo jefe en la Polic\u00eda Comunal Baradero"},"content":{"rendered":"<p><!-- VideographyWP Plugin Message: Automatic video embedding prevented by plugin options. --><br \/>\nEl ex titular de la Comisar\u00eda San Pedro fue designado para desempe\u00f1arse en la dependencia de la vecina ciudad. <\/p>\n<p>a jefatura departamental San Nicol\u00e1s decidi\u00f3 nombrar al Comisario Juan Ram\u00f3n Catalano como segundo jefe en la Polic\u00eda Comunal de la ciudad de Baradero.<\/p>\n<p>El funcionario se desempe\u00f1\u00f3 hasta hace dos meses atr\u00e1s como titular de la Comisar\u00eda San Pedro, cargo que ocup\u00f3 a lo largo de dos a\u00f1os, Tras la asunci\u00f3n del Subcomisario Galeano en San Pedro, Catalano pas\u00f3 a cumplir turnos en San Nicol\u00e1s, y ahora acompa\u00f1ar\u00e1 al Comisario Inspector Diego Mart\u00ednez en la Polic\u00eda Comunal baraderense.<\/p>\n<p>Desde hace un tiempo la c\u00fapula policial de esa localidad cuenta con funcionarios sampedrinos a cargo de la Comisar\u00eda. La misma est\u00e1 a cargo del Comisario Mario M\u00e9ndez, mientras que lo acompa\u00f1a el Subcomisario Facundo Fioravanti como segundo de la dependencia.<\/p>\n<p>San Pedro Informa<\/p>\n","protected":false},"excerpt":{"rendered":"<p>El ex titular de la Comisar\u00eda San Pedro fue designado para desempe\u00f1arse en la dependencia de la vecina ciudad. a jefatura departamental San Nicol\u00e1s decidi\u00f3 nombrar al Comisario Juan Ram\u00f3n Catalano como segundo jefe en la Polic\u00eda Comunal de la ciudad de Baradero. El funcionario se desempe\u00f1\u00f3 hasta hace dos meses atr\u00e1s como titular de [&hellip;]<\/p>\n","protected":false},"author":4,"featured_media":39700,"comment_status":"open","ping_status":"closed","sticky":false,"template":"","format":"standard","meta":{"om_disable_all_campaigns":false,"_jetpack_memberships_contains_paid_content":false,"footnotes":""},"categories":[621],"tags":[],"class_list":["post-41847","post","type-post","status-publish","format-standard","has-post-thumbnail","hentry","category-regionales"],"aioseo_notices":[],"gutentor_comment":0,"jetpack_featured_media_url":"https:\/\/eldiariodesanpedro.com.ar\/sitio\/wp-content\/uploads\/2018\/09\/subcomisario-Juan-Catalano.jpg","jetpack_shortlink":"https:\/\/wp.me\/p6RhLt-aSX","jetpack_sharing_enabled":true,"_links":{"self":[{"href":"https:\/\/eldiariodesanpedro.com.ar\/sitio\/wp-json\/wp\/v2\/posts\/41847","targetHints":{"allow":["GET"]}}],"collection":[{"href":"https:\/\/eldiariodesanpedro.com.ar\/sitio\/wp-json\/wp\/v2\/posts"}],"about":[{"href":"https:\/\/eldiariodesanpedro.com.ar\/sitio\/wp-json\/wp\/v2\/types\/post"}],"author":[{"embeddable":true,"href":"https:\/\/eldiariodesanpedro.com.ar\/sitio\/wp-json\/wp\/v2\/users\/4"}],"replies":[{"embeddable":true,"href":"https:\/\/eldiariodesanpedro.com.ar\/sitio\/wp-json\/wp\/v2\/comments?post=41847"}],"version-history":[{"count":1,"href":"https:\/\/eldiariodesanpedro.com.ar\/sitio\/wp-json\/wp\/v2\/posts\/41847\/revisions"}],"predecessor-version":[{"id":41848,"href":"https:\/\/eldiariodesanpedro.com.ar\/sitio\/wp-json\/wp\/v2\/posts\/41847\/revisions\/41848"}],"wp:featuredmedia":[{"embeddable":true,"href":"https:\/\/eldiariodesanpedro.com.ar\/sitio\/wp-json\/wp\/v2\/media\/39700"}],"wp:attachment":[{"href":"https:\/\/eldiariodesanpedro.com.ar\/sitio\/wp-json\/wp\/v2\/media?parent=41847"}],"wp:term":[{"taxonomy":"category","embeddable":true,"href":"https:\/\/eldiariodesanpedro.com.ar\/sitio\/wp-json\/wp\/v2\/categories?post=41847"},{"taxonomy":"post_tag","embeddable":true,"href":"https:\/\/eldiariodesanpedro.com.ar\/sitio\/wp-json\/wp\/v2\/tags?post=41847"}],"curies":[{"name":"wp","href":"https:\/\/api.w.org\/{rel}","templated":true}]}}