{"id":41841,"date":"2018-10-13T10:07:28","date_gmt":"2018-10-13T13:07:28","guid":{"rendered":"https:\/\/eldiariodesanpedro.com.ar\/sitio\/?p=41841"},"modified":"2018-10-13T10:13:24","modified_gmt":"2018-10-13T13:13:24","slug":"san-nicolas-macri-almorzo-con-los-deportistas-y-felicito-a-los-nicolenos","status":"publish","type":"post","link":"https:\/\/eldiariodesanpedro.com.ar\/sitio\/san-nicolas-macri-almorzo-con-los-deportistas-y-felicito-a-los-nicolenos\/","title":{"rendered":"SAN NICOLAS:  Macri almorz\u00f3 con los deportistas y felicit\u00f3 a los nicole\u00f1os"},"content":{"rendered":"<p><!-- VideographyWP Plugin Message: Automatic video embedding prevented by plugin options. --><br \/>\nEl jefe de Estado arrib\u00f3 a Villa Soldati cerca del mediod\u00eda del viernes y comparti\u00f3 una comida con los deportistas que participan de los Juegos Ol\u00edmpicos de la Juventud. La selfie fue tomada por la nicole\u00f1a de oro Sol Ord\u00e1s.<\/p>\n<p>En una extensa mesa, el Presidente habl\u00f3 con varios medallistas, entre los que se destacan Sol Ordas (oro en remo), Mart\u00edn esp\u00edndola (plata en gimnasia), I\u00f1aki Mazza Iriartes (oro en BMX) y Facundo Firmapaz(bronce en tiro deportivo).<\/p>\n<p>Antes de retirarse, Macri tambi\u00e9n confirm\u00f3 que Di\u00f3genes de Urquiza ser\u00e1 el nuevo secretario de Deportes, ya que Carlos Mac Allister dedicar\u00e1 su tiempo a la candidatura que impondr\u00e1 como gobernador de La Pampa.<\/p>\n<p>Seg\u00fan trascendi\u00f3 en los pasillos de la Villa Ol\u00edmpica, los atletas hablaron de sus necesidades y demostraron su satisfacci\u00f3n por las c\u00f3modas instalaciones donde se albergar\u00e1n hasta el 19 de octubre, un d\u00eda despu\u00e9s de la finalizaci\u00f3n del evento internacional.<\/p>\n<p>Fuente: Diario El Informante<\/p>\n","protected":false},"excerpt":{"rendered":"<p>El jefe de Estado arrib\u00f3 a Villa Soldati cerca del mediod\u00eda del viernes y comparti\u00f3 una comida con los deportistas que participan de los Juegos Ol\u00edmpicos de la Juventud. La selfie fue tomada por la nicole\u00f1a de oro Sol Ord\u00e1s. En una extensa mesa, el Presidente habl\u00f3 con varios medallistas, entre los que se destacan [&hellip;]<\/p>\n","protected":false},"author":4,"featured_media":41843,"comment_status":"open","ping_status":"closed","sticky":false,"template":"","format":"standard","meta":{"om_disable_all_campaigns":false,"_jetpack_memberships_contains_paid_content":false,"footnotes":""},"categories":[621],"tags":[],"class_list":["post-41841","post","type-post","status-publish","format-standard","has-post-thumbnail","hentry","category-regionales"],"aioseo_notices":[],"gutentor_comment":0,"jetpack_featured_media_url":"https:\/\/eldiariodesanpedro.com.ar\/sitio\/wp-content\/uploads\/2018\/10\/nop1cpmn8pk2eickkr8g6coq1pu91.jpg","jetpack_shortlink":"https:\/\/wp.me\/p6RhLt-aSR","jetpack_sharing_enabled":true,"_links":{"self":[{"href":"https:\/\/eldiariodesanpedro.com.ar\/sitio\/wp-json\/wp\/v2\/posts\/41841","targetHints":{"allow":["GET"]}}],"collection":[{"href":"https:\/\/eldiariodesanpedro.com.ar\/sitio\/wp-json\/wp\/v2\/posts"}],"about":[{"href":"https:\/\/eldiariodesanpedro.com.ar\/sitio\/wp-json\/wp\/v2\/types\/post"}],"author":[{"embeddable":true,"href":"https:\/\/eldiariodesanpedro.com.ar\/sitio\/wp-json\/wp\/v2\/users\/4"}],"replies":[{"embeddable":true,"href":"https:\/\/eldiariodesanpedro.com.ar\/sitio\/wp-json\/wp\/v2\/comments?post=41841"}],"version-history":[{"count":2,"href":"https:\/\/eldiariodesanpedro.com.ar\/sitio\/wp-json\/wp\/v2\/posts\/41841\/revisions"}],"predecessor-version":[{"id":41846,"href":"https:\/\/eldiariodesanpedro.com.ar\/sitio\/wp-json\/wp\/v2\/posts\/41841\/revisions\/41846"}],"wp:featuredmedia":[{"embeddable":true,"href":"https:\/\/eldiariodesanpedro.com.ar\/sitio\/wp-json\/wp\/v2\/media\/41843"}],"wp:attachment":[{"href":"https:\/\/eldiariodesanpedro.com.ar\/sitio\/wp-json\/wp\/v2\/media?parent=41841"}],"wp:term":[{"taxonomy":"category","embeddable":true,"href":"https:\/\/eldiariodesanpedro.com.ar\/sitio\/wp-json\/wp\/v2\/categories?post=41841"},{"taxonomy":"post_tag","embeddable":true,"href":"https:\/\/eldiariodesanpedro.com.ar\/sitio\/wp-json\/wp\/v2\/tags?post=41841"}],"curies":[{"name":"wp","href":"https:\/\/api.w.org\/{rel}","templated":true}]}}