{"id":41823,"date":"2018-10-13T08:48:34","date_gmt":"2018-10-13T11:48:34","guid":{"rendered":"https:\/\/eldiariodesanpedro.com.ar\/sitio\/?p=41823"},"modified":"2018-10-13T08:48:34","modified_gmt":"2018-10-13T11:48:34","slug":"eliseo-almada-es-el-nuevo-presidente-del-consorcio-de-gestion-del-puerto-de-san-pedro","status":"publish","type":"post","link":"https:\/\/eldiariodesanpedro.com.ar\/sitio\/eliseo-almada-es-el-nuevo-presidente-del-consorcio-de-gestion-del-puerto-de-san-pedro\/","title":{"rendered":"Eliseo Almada es el nuevo Presidente del Consorcio de Gesti\u00f3n del Puerto de San Pedro"},"content":{"rendered":"<p><!-- VideographyWP Plugin Message: Automatic video embedding prevented by plugin options. --><br \/>\nEl Ministro de Producci\u00f3n de la Provincia de Buenos Aires, Javier Tizado visit\u00f3 San Pedro y se reuni\u00f3 este viernes con el Intendente Cecilio Salazar, representantes del gobierno local y el Consorcio de Gesti\u00f3n.<\/p>\n<p>Tizado confirm\u00f3 que en los proximos dias asumir\u00e1 como Presidente del Consorcio de Gesti\u00f3n el sindicalista y actual director en representaci\u00f3n de SUPA, Eliseo Almada.<\/p>\n<p>El propio Salazar y los sindicatos portuarios ya hab\u00edan propuesto a la provincia el nombre de Almada para reemplazar a Horacio Frangi. El encuentro se llev\u00f3 a cabo con la presencia del Concejal Mat\u00edas Franco y titular de la Federaci\u00f3n Mar\u00edtimo Portuaria y de la Industria Naval (FEMPINRA)<\/p>\n<p>El ministro adelant\u00f3 tambi\u00e9n que se designar\u00e1 un funcionario dependiente directamente de la Provincia de Buenos Aires para coordinar funciones dentro del organismo que tiene a su cargo la administraci\u00f3n y control de la operatoria portuaria local en el que la Municipalidad, gremios, instituciones y empresas desarrollan actividades desde el Puerto de San Pedro.<\/p>\n<p><img decoding=\"async\" data-attachment-id=\"41824\" data-permalink=\"https:\/\/eldiariodesanpedro.com.ar\/sitio\/eliseo-almada-es-el-nuevo-presidente-del-consorcio-de-gestion-del-puerto-de-san-pedro\/43078544_1994832814140315_224178356340391936_n\/\" data-orig-file=\"https:\/\/eldiariodesanpedro.com.ar\/sitio\/wp-content\/uploads\/2018\/10\/43078544_1994832814140315_224178356340391936_n.jpg\" data-orig-size=\"960,620\" data-comments-opened=\"1\" data-image-meta=\"{&quot;aperture&quot;:&quot;0&quot;,&quot;credit&quot;:&quot;&quot;,&quot;camera&quot;:&quot;&quot;,&quot;caption&quot;:&quot;&quot;,&quot;created_timestamp&quot;:&quot;0&quot;,&quot;copyright&quot;:&quot;&quot;,&quot;focal_length&quot;:&quot;0&quot;,&quot;iso&quot;:&quot;0&quot;,&quot;shutter_speed&quot;:&quot;0&quot;,&quot;title&quot;:&quot;&quot;,&quot;orientation&quot;:&quot;0&quot;}\" data-image-title=\"43078544_1994832814140315_224178356340391936_n\" data-image-description=\"\" data-image-caption=\"\" data-large-file=\"https:\/\/eldiariodesanpedro.com.ar\/sitio\/wp-content\/uploads\/2018\/10\/43078544_1994832814140315_224178356340391936_n.jpg\" class=\"alignnone size-full wp-image-41824 lazyload\" data-src=\"https:\/\/eldiariodesanpedro.com.ar\/sitio\/wp-content\/uploads\/2018\/10\/43078544_1994832814140315_224178356340391936_n.jpg\" alt=\"\" width=\"960\" height=\"620\" data-srcset=\"https:\/\/eldiariodesanpedro.com.ar\/sitio\/wp-content\/uploads\/2018\/10\/43078544_1994832814140315_224178356340391936_n.jpg 960w, https:\/\/eldiariodesanpedro.com.ar\/sitio\/wp-content\/uploads\/2018\/10\/43078544_1994832814140315_224178356340391936_n-300x194.jpg 300w, https:\/\/eldiariodesanpedro.com.ar\/sitio\/wp-content\/uploads\/2018\/10\/43078544_1994832814140315_224178356340391936_n-768x496.jpg 768w\" data-sizes=\"(max-width: 960px) 100vw, 960px\" src=\"data:image\/svg+xml;base64,PHN2ZyB3aWR0aD0iMSIgaGVpZ2h0PSIxIiB4bWxucz0iaHR0cDovL3d3dy53My5vcmcvMjAwMC9zdmciPjwvc3ZnPg==\" style=\"--smush-placeholder-width: 960px; --smush-placeholder-aspect-ratio: 960\/620;\" \/><\/p>\n<p><img decoding=\"async\" data-attachment-id=\"41825\" data-permalink=\"https:\/\/eldiariodesanpedro.com.ar\/sitio\/eliseo-almada-es-el-nuevo-presidente-del-consorcio-de-gestion-del-puerto-de-san-pedro\/whatsapp-image-2018-10-12-at-19-26-29\/\" data-orig-file=\"https:\/\/eldiariodesanpedro.com.ar\/sitio\/wp-content\/uploads\/2018\/10\/WhatsApp-Image-2018-10-12-at-19.26.29.jpeg\" data-orig-size=\"512,341\" data-comments-opened=\"1\" data-image-meta=\"{&quot;aperture&quot;:&quot;0&quot;,&quot;credit&quot;:&quot;&quot;,&quot;camera&quot;:&quot;&quot;,&quot;caption&quot;:&quot;&quot;,&quot;created_timestamp&quot;:&quot;0&quot;,&quot;copyright&quot;:&quot;&quot;,&quot;focal_length&quot;:&quot;0&quot;,&quot;iso&quot;:&quot;0&quot;,&quot;shutter_speed&quot;:&quot;0&quot;,&quot;title&quot;:&quot;&quot;,&quot;orientation&quot;:&quot;0&quot;}\" data-image-title=\"WhatsApp Image 2018-10-12 at 19.26.29\" data-image-description=\"\" data-image-caption=\"\" data-large-file=\"https:\/\/eldiariodesanpedro.com.ar\/sitio\/wp-content\/uploads\/2018\/10\/WhatsApp-Image-2018-10-12-at-19.26.29.jpeg\" class=\"alignnone size-large wp-image-41825 lazyload\" data-src=\"https:\/\/eldiariodesanpedro.com.ar\/sitio\/wp-content\/uploads\/2018\/10\/WhatsApp-Image-2018-10-12-at-19.26.29.jpeg\" alt=\"\" width=\"512\" height=\"341\" data-srcset=\"https:\/\/eldiariodesanpedro.com.ar\/sitio\/wp-content\/uploads\/2018\/10\/WhatsApp-Image-2018-10-12-at-19.26.29.jpeg 512w, https:\/\/eldiariodesanpedro.com.ar\/sitio\/wp-content\/uploads\/2018\/10\/WhatsApp-Image-2018-10-12-at-19.26.29-300x200.jpeg 300w\" data-sizes=\"(max-width: 512px) 100vw, 512px\" src=\"data:image\/svg+xml;base64,PHN2ZyB3aWR0aD0iMSIgaGVpZ2h0PSIxIiB4bWxucz0iaHR0cDovL3d3dy53My5vcmcvMjAwMC9zdmciPjwvc3ZnPg==\" style=\"--smush-placeholder-width: 512px; --smush-placeholder-aspect-ratio: 512\/341;\" \/><\/p>\n","protected":false},"excerpt":{"rendered":"<p>El Ministro de Producci\u00f3n de la Provincia de Buenos Aires, Javier Tizado visit\u00f3 San Pedro y se reuni\u00f3 este viernes con el Intendente Cecilio Salazar, representantes del gobierno local y el Consorcio de Gesti\u00f3n. Tizado confirm\u00f3 que en los proximos dias asumir\u00e1 como Presidente del Consorcio de Gesti\u00f3n el sindicalista y actual director en representaci\u00f3n [&hellip;]<\/p>\n","protected":false},"author":4,"featured_media":41824,"comment_status":"open","ping_status":"closed","sticky":false,"template":"","format":"standard","meta":{"om_disable_all_campaigns":false,"_jetpack_memberships_contains_paid_content":false,"footnotes":""},"categories":[50,2,102],"tags":[],"class_list":["post-41823","post","type-post","status-publish","format-standard","has-post-thumbnail","hentry","category-destacadas","category-locales","category-politica-locales"],"aioseo_notices":[],"gutentor_comment":0,"jetpack_featured_media_url":"https:\/\/eldiariodesanpedro.com.ar\/sitio\/wp-content\/uploads\/2018\/10\/43078544_1994832814140315_224178356340391936_n.jpg","jetpack_shortlink":"https:\/\/wp.me\/p6RhLt-aSz","jetpack_sharing_enabled":true,"_links":{"self":[{"href":"https:\/\/eldiariodesanpedro.com.ar\/sitio\/wp-json\/wp\/v2\/posts\/41823","targetHints":{"allow":["GET"]}}],"collection":[{"href":"https:\/\/eldiariodesanpedro.com.ar\/sitio\/wp-json\/wp\/v2\/posts"}],"about":[{"href":"https:\/\/eldiariodesanpedro.com.ar\/sitio\/wp-json\/wp\/v2\/types\/post"}],"author":[{"embeddable":true,"href":"https:\/\/eldiariodesanpedro.com.ar\/sitio\/wp-json\/wp\/v2\/users\/4"}],"replies":[{"embeddable":true,"href":"https:\/\/eldiariodesanpedro.com.ar\/sitio\/wp-json\/wp\/v2\/comments?post=41823"}],"version-history":[{"count":1,"href":"https:\/\/eldiariodesanpedro.com.ar\/sitio\/wp-json\/wp\/v2\/posts\/41823\/revisions"}],"predecessor-version":[{"id":41826,"href":"https:\/\/eldiariodesanpedro.com.ar\/sitio\/wp-json\/wp\/v2\/posts\/41823\/revisions\/41826"}],"wp:featuredmedia":[{"embeddable":true,"href":"https:\/\/eldiariodesanpedro.com.ar\/sitio\/wp-json\/wp\/v2\/media\/41824"}],"wp:attachment":[{"href":"https:\/\/eldiariodesanpedro.com.ar\/sitio\/wp-json\/wp\/v2\/media?parent=41823"}],"wp:term":[{"taxonomy":"category","embeddable":true,"href":"https:\/\/eldiariodesanpedro.com.ar\/sitio\/wp-json\/wp\/v2\/categories?post=41823"},{"taxonomy":"post_tag","embeddable":true,"href":"https:\/\/eldiariodesanpedro.com.ar\/sitio\/wp-json\/wp\/v2\/tags?post=41823"}],"curies":[{"name":"wp","href":"https:\/\/api.w.org\/{rel}","templated":true}]}}