{"id":41808,"date":"2018-10-12T21:15:33","date_gmt":"2018-10-13T00:15:33","guid":{"rendered":"https:\/\/eldiariodesanpedro.com.ar\/sitio\/?p=41808"},"modified":"2026-01-24T00:09:19","modified_gmt":"2026-01-24T03:09:19","slug":"futbol-local-atletico-mitre","status":"publish","type":"post","link":"https:\/\/eldiariodesanpedro.com.ar\/sitio\/futbol-local-atletico-mitre\/","title":{"rendered":"F\u00daTBOL LOCAL: Atl\u00e9tico-Mitre"},"content":{"rendered":"<p><!-- VideographyWP Plugin Message: Automatic video embedding prevented by plugin options. --><br \/>\nLa jornada 7 del Torneo \u201cBeto Manresa-Rubito L\u00f3pez\u201d de jugar\u00e1 en esos tres d\u00edas con partidos m\u00e1s que interesantes para la clasificaci\u00f3n a la ronda final del certamen. <\/p>\n<p><strong>Partidos y horarios<\/strong><br \/>\n<img decoding=\"async\" data-attachment-id=\"41809\" data-permalink=\"https:\/\/eldiariodesanpedro.com.ar\/sitio\/futbol-local-atletico-mitre\/info-13-10-18-partidos-horarios\/\" data-orig-file=\"https:\/\/eldiariodesanpedro.com.ar\/sitio\/wp-content\/uploads\/2018\/10\/INFO-13-10-18-partidos-horarios.png\" data-orig-size=\"905,273\" data-comments-opened=\"1\" data-image-meta=\"{&quot;aperture&quot;:&quot;0&quot;,&quot;credit&quot;:&quot;&quot;,&quot;camera&quot;:&quot;&quot;,&quot;caption&quot;:&quot;&quot;,&quot;created_timestamp&quot;:&quot;0&quot;,&quot;copyright&quot;:&quot;&quot;,&quot;focal_length&quot;:&quot;0&quot;,&quot;iso&quot;:&quot;0&quot;,&quot;shutter_speed&quot;:&quot;0&quot;,&quot;title&quot;:&quot;&quot;,&quot;orientation&quot;:&quot;0&quot;}\" data-image-title=\"INFO 13-10-18 partidos horarios\" data-image-description=\"\" data-image-caption=\"\" data-large-file=\"https:\/\/eldiariodesanpedro.com.ar\/sitio\/wp-content\/uploads\/2018\/10\/INFO-13-10-18-partidos-horarios.png\" data-src=\"https:\/\/eldiariodesanpedro.com.ar\/sitio\/wp-content\/uploads\/2018\/10\/INFO-13-10-18-partidos-horarios.png\" alt=\"\" width=\"905\" height=\"273\" class=\"alignnone size-full wp-image-41809 lazyload\" data-srcset=\"https:\/\/eldiariodesanpedro.com.ar\/sitio\/wp-content\/uploads\/2018\/10\/INFO-13-10-18-partidos-horarios.png 905w, https:\/\/eldiariodesanpedro.com.ar\/sitio\/wp-content\/uploads\/2018\/10\/INFO-13-10-18-partidos-horarios-300x90.png 300w, https:\/\/eldiariodesanpedro.com.ar\/sitio\/wp-content\/uploads\/2018\/10\/INFO-13-10-18-partidos-horarios-768x232.png 768w\" data-sizes=\"(max-width: 905px) 100vw, 905px\" src=\"data:image\/svg+xml;base64,PHN2ZyB3aWR0aD0iMSIgaGVpZ2h0PSIxIiB4bWxucz0iaHR0cDovL3d3dy53My5vcmcvMjAwMC9zdmciPjwvc3ZnPg==\" style=\"--smush-placeholder-width: 905px; --smush-placeholder-aspect-ratio: 905\/273;\" \/><\/p>\n<p><strong>Posiciones<\/strong><br \/>\n<em>Quinta<\/em><br \/>\nZona A: Sportivo 15, La Esperanza 14, Paran\u00e1 13, Banfield 13, C. C\u00f3rdoba 4, Fundici\u00f3n 4, Am\u00e9rica 4, Agricultores 4, I. Portela 4.<br \/>\nZona B: Independencia 16, Rivadavia 16, Mitre 15, G. San Mart\u00edn 13, Atl\u00e9tico 7, San Roque 7, Def. Unidos 3, Las Palmeras 3, Alsina 0.<\/p>\n<p><em>Cuarta<\/em><br \/>\nZona A: Sportivo 16, Paran\u00e1 15, La Esperanza 12, C. C\u00f3rdoba 10, Fundici\u00f3n 10, I. Portela 9, Agricultores 6, Am\u00e9rica 4, Banfield 0.<br \/>\nZona B: Atl\u00e9tico 16, Mitre 13, Def. Unidos 11, Rivadavia 7, G. San Mart\u00edn 7, San Roque 7, Las Palmeras 6, Independencia 6, Alsina 0.<\/p>\n<p><em>Tercera<\/em><br \/>\nZona A: Agricultores 16, Sportivo 15, Paran\u00e1 10, Am\u00e9rica 8, La Esperanza 7, Fundici\u00f3n 6, I. Portela 4, C. C\u00f3rdoba 3, Banfield 3.<br \/>\nZona B: G. San Mart\u00edn 16, Independencia 15, Mitre 11, Rivadavia 8, Las Palmeras 8, Atl\u00e9tico 7, San Roque 6, Alsina 5, Def. Unidos 4.<\/p>\n<p><em>Sub 21<\/em><br \/>\nZona A: Portela 18, Sportivo 13, Banfield 11, La Esperanza 10, Agricultores 10, Paran\u00e1 10, Fundici\u00f3n 3, Am\u00e9rica 3, C. C\u00f3rdoba 1.<br \/>\nZona B: Mitre 13, San Roque 13, Independencia 12, Atl\u00e9tico 8, Def. Unidos 7, San Mart\u00edn 7, Alsina 7, Rivadavia 3, Las Palmeras 1.<\/p>\n<p><strong>Primera divisi\u00f3n- Torneo Clausura Anual Clasificatorio<\/strong><br \/>\n<em>Zona \u201cA\u201d          <\/em><br \/>\nSportivo 18, La Esperanza 13, Central C\u00f3rdoba 11, Paran\u00e1 FC 8, Banfield 8, Fundici\u00f3n FC 6, Am\u00e9rica 4, Ireneo Portela 3, Agricultores Club 3.<br \/>\n<em>Zona \u201cB\u201d            <\/em><br \/>\nMitre 14, Atl\u00e9tico 14, Independencia FC 12, Las Palmeras 11<br \/>\nAlsina 7, Gral. San Mart\u00edn 7, Rivadavia 5, Def. Unidos 4, San Roque FC 1<\/p>\n<p><strong>Tabla general (Apertura-Clausura 2018)<\/strong><br \/>\nMitre 38 *, Sportivo 38 *, La Esperanza 35 *, Atl\u00e9tico 31 *, Las Palmeras 29, San Mart\u00edn 28, Banfield 27, Paran\u00e1 FC 25, Independencia FC 22, Central C\u00f3rdoba 21 , Alsina 20, Rivadavia 15 , Def. Unidos 14, Agricultores Club 13, Am\u00e9rica 10 **, Ireneo, Portela 10**, Fundici\u00f3n FC 6  **, San Roque FC 1  **<br \/>\n* Ya se aseguraron un lugar en la categor\u00eda \u201cA\u201d. ** Ya descendieron a la categor\u00eda \u201cB\u201d.<\/p>\n<p><strong>GOLEADORES<\/strong><br \/>\n<em>Primera divisi\u00f3n<\/em><br \/>\nAgust\u00edn Poll (Sportivo) 10<br \/>\nFrancisco Esp\u00edndola (Mitre) 7<br \/>\nJos\u00e9 G\u00f3mez (G. San Mart\u00edn) 6<br \/>\nLeandro Grassi (C. C\u00f3rdoba) 6<\/p>\n<p><em>Sub 21<\/em><br \/>\nNicol\u00e1s Simour (I. Portela) 5<br \/>\nEzequiel Chaparro (Def. Unidos) 4<br \/>\nWilliam Ben\u00edtez (Agricultores) 3<br \/>\nEl\u00edas Obreg\u00f3n (Rivadavia) 3<br \/>\nTom\u00e1s Portillo (Agricultores) 3<br \/>\nCatriel Franco (Banfield) 3<br \/>\nNicol\u00e1s Leiva (Alsina) 3<\/p>\n<p><em>Tercera<\/em><br \/>\nMaximiliano Luque (G. San Mart\u00edn) 8<br \/>\nMauricio Peralta (Independencia) 4<br \/>\nNazareno Garc\u00eda (Atl\u00e9tico) 3<br \/>\nJuli\u00e1n Barrios (Independencia) 3<br \/>\nJoel Peralta (Independencia) 3<br \/>\nEsteban Astorga (La Esperanza) 3<br \/>\nLautaro Torres (Las Palmeras) 3<br \/>\nRom\u00e1n Ducasse (Rivadavia) 3<br \/>\nMarcelo Barrios (Paran\u00e1) 3<\/p>\n<p><em>Cuarta<\/em><br \/>\nFacundo P\u00e9rez (Atl\u00e9tico) 7<br \/>\nValent\u00edn Saucedo (La Esperanza) 6<br \/>\nFacundo Siarra (Paran\u00e1) 6<\/p>\n<p><em>Quinta<\/em><br \/>\nJuli\u00e1n Botheatoz (Sportivo) 19<br \/>\nValentino Lede (Sportivo) 11<br \/>\nBraian Abalos (Fundici\u00f3n) 7<br \/>\nNahuel Fern\u00e1ndez (Independencia) 7<br \/>\nFranco Cano (Paran\u00e1) 7<\/p>\n<p><strong>Honorable Tribunal de Penas<\/strong><br \/>\nCon un partido: Leonel Setaro, Dar\u00edan Tancredi, Nelson Noguera, Santiago Cardozo, Joel Tancredi, Ever Salom\u00f3n, Dante Salom\u00f3n, Ismael Villarreal, Juan Cruz Negre, Dami\u00e1n Actis, Kevin Rajevic, Valent\u00edn G\u00f3mez, William Ben\u00edtez, Ricardo Gonz\u00e1lez, Manuel Palavecino, Axel Chiani, Carlos P\u00e9rez (AC), Hern\u00e1n Ansaloni y Nazareno G\u00f3mez.<br \/>\nCon dos partidos: Pablo Ben\u00edtez, Kevin Chiani y Juan Mancini<br \/>\nCon tres partidos: Gabriel Garc\u00eda (DT)<\/p>\n","protected":false},"excerpt":{"rendered":"<p>La jornada 7 del Torneo \u201cBeto Manresa-Rubito L\u00f3pez\u201d de jugar\u00e1 en esos tres d\u00edas con partidos m\u00e1s que interesantes para la clasificaci\u00f3n a la ronda final del certamen. Partidos y horarios Posiciones Quinta Zona A: Sportivo 15, La Esperanza 14, Paran\u00e1 13, Banfield 13, C. C\u00f3rdoba 4, Fundici\u00f3n 4, Am\u00e9rica 4, Agricultores 4, I. Portela [&hellip;]<\/p>\n","protected":false},"author":4,"featured_media":21255,"comment_status":"open","ping_status":"closed","sticky":false,"template":"","format":"standard","meta":{"om_disable_all_campaigns":false,"_jetpack_memberships_contains_paid_content":false,"footnotes":""},"categories":[5],"tags":[],"class_list":["post-41808","post","type-post","status-publish","format-standard","has-post-thumbnail","hentry","category-deportes"],"aioseo_notices":[],"gutentor_comment":0,"jetpack_featured_media_url":"https:\/\/eldiariodesanpedro.com.ar\/sitio\/wp-content\/uploads\/2017\/07\/futbol-arco.jpg","jetpack_shortlink":"https:\/\/wp.me\/p6RhLt-aSk","jetpack_sharing_enabled":true,"_links":{"self":[{"href":"https:\/\/eldiariodesanpedro.com.ar\/sitio\/wp-json\/wp\/v2\/posts\/41808","targetHints":{"allow":["GET"]}}],"collection":[{"href":"https:\/\/eldiariodesanpedro.com.ar\/sitio\/wp-json\/wp\/v2\/posts"}],"about":[{"href":"https:\/\/eldiariodesanpedro.com.ar\/sitio\/wp-json\/wp\/v2\/types\/post"}],"author":[{"embeddable":true,"href":"https:\/\/eldiariodesanpedro.com.ar\/sitio\/wp-json\/wp\/v2\/users\/4"}],"replies":[{"embeddable":true,"href":"https:\/\/eldiariodesanpedro.com.ar\/sitio\/wp-json\/wp\/v2\/comments?post=41808"}],"version-history":[{"count":2,"href":"https:\/\/eldiariodesanpedro.com.ar\/sitio\/wp-json\/wp\/v2\/posts\/41808\/revisions"}],"predecessor-version":[{"id":41815,"href":"https:\/\/eldiariodesanpedro.com.ar\/sitio\/wp-json\/wp\/v2\/posts\/41808\/revisions\/41815"}],"wp:featuredmedia":[{"embeddable":true,"href":"https:\/\/eldiariodesanpedro.com.ar\/sitio\/wp-json\/wp\/v2\/media\/21255"}],"wp:attachment":[{"href":"https:\/\/eldiariodesanpedro.com.ar\/sitio\/wp-json\/wp\/v2\/media?parent=41808"}],"wp:term":[{"taxonomy":"category","embeddable":true,"href":"https:\/\/eldiariodesanpedro.com.ar\/sitio\/wp-json\/wp\/v2\/categories?post=41808"},{"taxonomy":"post_tag","embeddable":true,"href":"https:\/\/eldiariodesanpedro.com.ar\/sitio\/wp-json\/wp\/v2\/tags?post=41808"}],"curies":[{"name":"wp","href":"https:\/\/api.w.org\/{rel}","templated":true}]}}