{"id":41807,"date":"2018-10-12T21:12:53","date_gmt":"2018-10-13T00:12:53","guid":{"rendered":"https:\/\/eldiariodesanpedro.com.ar\/sitio\/?p=41807"},"modified":"2026-01-24T00:09:19","modified_gmt":"2026-01-24T03:09:19","slug":"boxeo-esta-noche-en-rio-tala-con-un-combate-profesional","status":"publish","type":"post","link":"https:\/\/eldiariodesanpedro.com.ar\/sitio\/boxeo-esta-noche-en-rio-tala-con-un-combate-profesional\/","title":{"rendered":"BOXEO: Ma\u00f1ana por la noche en R\u00edo Tala con un combate profesional"},"content":{"rendered":"<p><!-- VideographyWP Plugin Message: Automatic video embedding prevented by plugin options. --><br \/>\nDesde las 21 horas en el Club Talense de R\u00edo Tala vuelve el boxeo con un programa que incluye peleas entre aficionados y profesionales.<br \/>\n  Kick Boxing y Boxeo con varias peleas y la de fondo profesional a 4 rounds con Miguel Correa y el juninense Luis Valenzuela.<br \/>\n  La velada contar\u00e1 entre otros, con Facundo Torres, Alejo Bocanera (Ramallo), Quique Poletti (Ramallo), Mateo Soto, Maximiliano Arevalo, Pablo Gil, Mart\u00edn Molina y Rolando Basualdo, entre otros.<br \/>\n  Exhibici\u00f3n entre boxeadores de San Pedro, R\u00edo Tala y Ramallo, luego una pelea de Kick Boxing y el resto del programa ser\u00e1 boxeo con los p\u00fagiles se\u00f1alados m\u00e1s arriba.<\/p>\n<p>Dami\u00e1n Mu\u00f1oz combate el domingo<br \/>\n  El peleador sampedrino Dami\u00e1n Mu\u00f1oz combatir\u00e1 ante Leonardo Olivera en la modalidad Muay Thai profesional. En las preliminares p\u00fagiles locales ser\u00e1 protagonistas.<br \/>\n  En el Club Colegiales en Munro ser\u00e1 la velada que tendr\u00e1 varias peleas profesionales y semiprofesionales. Mu\u00f1oz y Olivera ser\u00e1 una eliminatoria para una revancha con V\u00edctor Cabrera que defiende el t\u00edtulo de Iska Muay Thai Pro. Ezequiel Ojeda de Bushido San Pedro pelea un s\u00faper 4, eliminatoria por t\u00edtulo argentino semi profesional de Muay Thai.<br \/>\n  Dami\u00e1n Rodr\u00edguez y Jonathan Aran de Bushido San Pedro tambi\u00e9n pelean en Muay Thai semi profesional.<\/p>\n","protected":false},"excerpt":{"rendered":"<p>Desde las 21 horas en el Club Talense de R\u00edo Tala vuelve el boxeo con un programa que incluye peleas entre aficionados y profesionales. Kick Boxing y Boxeo con varias peleas y la de fondo profesional a 4 rounds con Miguel Correa y el juninense Luis Valenzuela. La velada contar\u00e1 entre otros, con Facundo Torres, [&hellip;]<\/p>\n","protected":false},"author":4,"featured_media":5515,"comment_status":"open","ping_status":"closed","sticky":false,"template":"","format":"standard","meta":{"om_disable_all_campaigns":false,"_jetpack_memberships_contains_paid_content":false,"footnotes":""},"categories":[5],"tags":[],"class_list":["post-41807","post","type-post","status-publish","format-standard","has-post-thumbnail","hentry","category-deportes"],"aioseo_notices":[],"gutentor_comment":0,"jetpack_featured_media_url":"https:\/\/eldiariodesanpedro.com.ar\/sitio\/wp-content\/uploads\/2016\/06\/boxeo.jpg","jetpack_shortlink":"https:\/\/wp.me\/p6RhLt-aSj","jetpack_sharing_enabled":true,"_links":{"self":[{"href":"https:\/\/eldiariodesanpedro.com.ar\/sitio\/wp-json\/wp\/v2\/posts\/41807","targetHints":{"allow":["GET"]}}],"collection":[{"href":"https:\/\/eldiariodesanpedro.com.ar\/sitio\/wp-json\/wp\/v2\/posts"}],"about":[{"href":"https:\/\/eldiariodesanpedro.com.ar\/sitio\/wp-json\/wp\/v2\/types\/post"}],"author":[{"embeddable":true,"href":"https:\/\/eldiariodesanpedro.com.ar\/sitio\/wp-json\/wp\/v2\/users\/4"}],"replies":[{"embeddable":true,"href":"https:\/\/eldiariodesanpedro.com.ar\/sitio\/wp-json\/wp\/v2\/comments?post=41807"}],"version-history":[{"count":3,"href":"https:\/\/eldiariodesanpedro.com.ar\/sitio\/wp-json\/wp\/v2\/posts\/41807\/revisions"}],"predecessor-version":[{"id":41812,"href":"https:\/\/eldiariodesanpedro.com.ar\/sitio\/wp-json\/wp\/v2\/posts\/41807\/revisions\/41812"}],"wp:featuredmedia":[{"embeddable":true,"href":"https:\/\/eldiariodesanpedro.com.ar\/sitio\/wp-json\/wp\/v2\/media\/5515"}],"wp:attachment":[{"href":"https:\/\/eldiariodesanpedro.com.ar\/sitio\/wp-json\/wp\/v2\/media?parent=41807"}],"wp:term":[{"taxonomy":"category","embeddable":true,"href":"https:\/\/eldiariodesanpedro.com.ar\/sitio\/wp-json\/wp\/v2\/categories?post=41807"},{"taxonomy":"post_tag","embeddable":true,"href":"https:\/\/eldiariodesanpedro.com.ar\/sitio\/wp-json\/wp\/v2\/tags?post=41807"}],"curies":[{"name":"wp","href":"https:\/\/api.w.org\/{rel}","templated":true}]}}