{"id":41802,"date":"2018-10-12T21:09:11","date_gmt":"2018-10-13T00:09:11","guid":{"rendered":"https:\/\/eldiariodesanpedro.com.ar\/sitio\/?p=41802"},"modified":"2018-10-12T21:09:11","modified_gmt":"2018-10-13T00:09:11","slug":"campana-misteriosa-desaparicion-en-campana","status":"publish","type":"post","link":"https:\/\/eldiariodesanpedro.com.ar\/sitio\/campana-misteriosa-desaparicion-en-campana\/","title":{"rendered":"CAMPANA: Misteriosa desaparici\u00f3n en Campana"},"content":{"rendered":"<p><!-- VideographyWP Plugin Message: Automatic video embedding prevented by plugin options. --><br \/>\nUn misterioso suceso ocurri\u00f3 este mi\u00e9rcoles en Campana y mantiene en alerta al personal policial. El chofer de un cami\u00f3n perteneciente al Frigor\u00edfico Gemma desapareci\u00f3 mientras su acompa\u00f1ante realizaba los tr\u00e1mites de rigor en la oficina de Bromatolog\u00eda local.<\/p>\n<p>  El veh\u00edculo hab\u00eda arribado a Campana con una carga de pescados y mariscos y el acompa\u00f1ante del conductor descendi\u00f3 en la oficina de Bromatolog\u00eda local para realizar los tr\u00e1mites de rigor, al regresar se encontr\u00f3 que el chofer no estaba y dio aviso a la Polic\u00eda, ante la eventualidad de un secuestro.<br \/>\n  Esa sospecha qued\u00f3 descartada, cuando a trav\u00e9s de las im\u00e1genes de las c\u00e1maras de seguridad se determin\u00f3 que el transportista se fue por sus propios medios y, adem\u00e1s, faltaban 60.000 pesos.<br \/>\n  Tanto efectivos policiales, como detectives de la Direcci\u00f3n Departamental de Investigaciones (DDI) Z\u00e1rate \u2013 Campana, con el apoyo de la Brigada Canina K9, iniciaron una intensa b\u00fasqueda en la regi\u00f3n.<br \/>\n  Versiones se\u00f1alan que el trabajador desaparecido se habr\u00eda comunicado con su compa\u00f1ero, explic\u00e1ndole los motivos de la huida. Se sabe que estaba alojado en una habitaci\u00f3n alquilada en Ramallo, donde sus pertenencias a\u00fan estaban en el lugar.<\/p>\n<p>Fuente: Enlace Cr\u00edtico<\/p>\n","protected":false},"excerpt":{"rendered":"<p>Un misterioso suceso ocurri\u00f3 este mi\u00e9rcoles en Campana y mantiene en alerta al personal policial. El chofer de un cami\u00f3n perteneciente al Frigor\u00edfico Gemma desapareci\u00f3 mientras su acompa\u00f1ante realizaba los tr\u00e1mites de rigor en la oficina de Bromatolog\u00eda local. El veh\u00edculo hab\u00eda arribado a Campana con una carga de pescados y mariscos y el acompa\u00f1ante [&hellip;]<\/p>\n","protected":false},"author":4,"featured_media":41804,"comment_status":"open","ping_status":"closed","sticky":false,"template":"","format":"standard","meta":{"om_disable_all_campaigns":false,"_jetpack_memberships_contains_paid_content":false,"footnotes":""},"categories":[621],"tags":[],"class_list":["post-41802","post","type-post","status-publish","format-standard","has-post-thumbnail","hentry","category-regionales"],"aioseo_notices":[],"gutentor_comment":0,"jetpack_featured_media_url":"https:\/\/eldiariodesanpedro.com.ar\/sitio\/wp-content\/uploads\/2018\/10\/Misteriosa-desaparici\u00f3n-en-Campana.jpg","jetpack_shortlink":"https:\/\/wp.me\/p6RhLt-aSe","jetpack_sharing_enabled":true,"_links":{"self":[{"href":"https:\/\/eldiariodesanpedro.com.ar\/sitio\/wp-json\/wp\/v2\/posts\/41802","targetHints":{"allow":["GET"]}}],"collection":[{"href":"https:\/\/eldiariodesanpedro.com.ar\/sitio\/wp-json\/wp\/v2\/posts"}],"about":[{"href":"https:\/\/eldiariodesanpedro.com.ar\/sitio\/wp-json\/wp\/v2\/types\/post"}],"author":[{"embeddable":true,"href":"https:\/\/eldiariodesanpedro.com.ar\/sitio\/wp-json\/wp\/v2\/users\/4"}],"replies":[{"embeddable":true,"href":"https:\/\/eldiariodesanpedro.com.ar\/sitio\/wp-json\/wp\/v2\/comments?post=41802"}],"version-history":[{"count":1,"href":"https:\/\/eldiariodesanpedro.com.ar\/sitio\/wp-json\/wp\/v2\/posts\/41802\/revisions"}],"predecessor-version":[{"id":41806,"href":"https:\/\/eldiariodesanpedro.com.ar\/sitio\/wp-json\/wp\/v2\/posts\/41802\/revisions\/41806"}],"wp:featuredmedia":[{"embeddable":true,"href":"https:\/\/eldiariodesanpedro.com.ar\/sitio\/wp-json\/wp\/v2\/media\/41804"}],"wp:attachment":[{"href":"https:\/\/eldiariodesanpedro.com.ar\/sitio\/wp-json\/wp\/v2\/media?parent=41802"}],"wp:term":[{"taxonomy":"category","embeddable":true,"href":"https:\/\/eldiariodesanpedro.com.ar\/sitio\/wp-json\/wp\/v2\/categories?post=41802"},{"taxonomy":"post_tag","embeddable":true,"href":"https:\/\/eldiariodesanpedro.com.ar\/sitio\/wp-json\/wp\/v2\/tags?post=41802"}],"curies":[{"name":"wp","href":"https:\/\/api.w.org\/{rel}","templated":true}]}}