{"id":41793,"date":"2018-10-12T21:00:45","date_gmt":"2018-10-13T00:00:45","guid":{"rendered":"https:\/\/eldiariodesanpedro.com.ar\/sitio\/?p=41793"},"modified":"2018-10-12T21:00:45","modified_gmt":"2018-10-13T00:00:45","slug":"san-nicolas-sanchez-zinny-confirmo-la-construccion-del-nuevo-edificio-para-la-escuela-503","status":"publish","type":"post","link":"https:\/\/eldiariodesanpedro.com.ar\/sitio\/san-nicolas-sanchez-zinny-confirmo-la-construccion-del-nuevo-edificio-para-la-escuela-503\/","title":{"rendered":"SAN NICOL\u00c1S: S\u00e1nchez Zinny confirm\u00f3 la construcci\u00f3n del nuevo edificio para la Escuela 503"},"content":{"rendered":"<p><!-- VideographyWP Plugin Message: Automatic video embedding prevented by plugin options. --><br \/>\nEl Director General de Educaci\u00f3n ratific\u00f3 la construcci\u00f3n de tres nuevos Jardines en nuestra ciudad y el futuro del nuevo edificio para la Escuela 503<\/p>\n<p>  Gabriel S\u00e1nchez Zinny, confirm\u00f3 al Diario EL NORTE que se concretar\u00e1 la construcci\u00f3n de tres nuevos Jardines en nuestra ciudad y el futuro del nuevo edificio para la Escuela 503, cuya obra debi\u00f3 iniciarse en mayo pasado pero la empresa que result\u00f3 adjudicataria (DAL S.A.) nunca comenz\u00f3 los trabajos a pesar de haber recibido un anticipo financiero de 7 millones de pesos.<br \/>\n  \u201cHemos completado el proceso de rescisi\u00f3n del contrato que ten\u00edamos con esa empresa. Los procesos en el Estado son lentos, pero seguimos avanzando. En poco tiempo m\u00e1s vamos a publicar el llamado a licitaci\u00f3n para que se presentes nuevos oferentes. La obra se va a hacer\u201d, confirm\u00f3 S\u00e1nchez Zinny.<br \/>\n  El Director General de Educaci\u00f3n y Cultura de la provincia de Buenos Aires, visit\u00f3 este jueves la ciudad para participar de la Feria del Libro y abord\u00f3 la cuesti\u00f3n de la infraestructura escolar que a nivel local incluye la construcci\u00f3n de tres jardines de infantes.<\/p>\n<p>Fuente: Diario El Norte<\/p>\n","protected":false},"excerpt":{"rendered":"<p>El Director General de Educaci\u00f3n ratific\u00f3 la construcci\u00f3n de tres nuevos Jardines en nuestra ciudad y el futuro del nuevo edificio para la Escuela 503 Gabriel S\u00e1nchez Zinny, confirm\u00f3 al Diario EL NORTE que se concretar\u00e1 la construcci\u00f3n de tres nuevos Jardines en nuestra ciudad y el futuro del nuevo edificio para la Escuela 503, [&hellip;]<\/p>\n","protected":false},"author":4,"featured_media":41797,"comment_status":"open","ping_status":"closed","sticky":false,"template":"","format":"standard","meta":{"om_disable_all_campaigns":false,"_jetpack_memberships_contains_paid_content":false,"footnotes":""},"categories":[621],"tags":[],"class_list":["post-41793","post","type-post","status-publish","format-standard","has-post-thumbnail","hentry","category-regionales"],"aioseo_notices":[],"gutentor_comment":0,"jetpack_featured_media_url":"https:\/\/eldiariodesanpedro.com.ar\/sitio\/wp-content\/uploads\/2018\/10\/S\u00e1nchez-Zinny.jpg","jetpack_shortlink":"https:\/\/wp.me\/p6RhLt-aS5","jetpack_sharing_enabled":true,"_links":{"self":[{"href":"https:\/\/eldiariodesanpedro.com.ar\/sitio\/wp-json\/wp\/v2\/posts\/41793","targetHints":{"allow":["GET"]}}],"collection":[{"href":"https:\/\/eldiariodesanpedro.com.ar\/sitio\/wp-json\/wp\/v2\/posts"}],"about":[{"href":"https:\/\/eldiariodesanpedro.com.ar\/sitio\/wp-json\/wp\/v2\/types\/post"}],"author":[{"embeddable":true,"href":"https:\/\/eldiariodesanpedro.com.ar\/sitio\/wp-json\/wp\/v2\/users\/4"}],"replies":[{"embeddable":true,"href":"https:\/\/eldiariodesanpedro.com.ar\/sitio\/wp-json\/wp\/v2\/comments?post=41793"}],"version-history":[{"count":1,"href":"https:\/\/eldiariodesanpedro.com.ar\/sitio\/wp-json\/wp\/v2\/posts\/41793\/revisions"}],"predecessor-version":[{"id":41799,"href":"https:\/\/eldiariodesanpedro.com.ar\/sitio\/wp-json\/wp\/v2\/posts\/41793\/revisions\/41799"}],"wp:featuredmedia":[{"embeddable":true,"href":"https:\/\/eldiariodesanpedro.com.ar\/sitio\/wp-json\/wp\/v2\/media\/41797"}],"wp:attachment":[{"href":"https:\/\/eldiariodesanpedro.com.ar\/sitio\/wp-json\/wp\/v2\/media?parent=41793"}],"wp:term":[{"taxonomy":"category","embeddable":true,"href":"https:\/\/eldiariodesanpedro.com.ar\/sitio\/wp-json\/wp\/v2\/categories?post=41793"},{"taxonomy":"post_tag","embeddable":true,"href":"https:\/\/eldiariodesanpedro.com.ar\/sitio\/wp-json\/wp\/v2\/tags?post=41793"}],"curies":[{"name":"wp","href":"https:\/\/api.w.org\/{rel}","templated":true}]}}