{"id":41792,"date":"2018-10-12T20:52:48","date_gmt":"2018-10-12T23:52:48","guid":{"rendered":"https:\/\/eldiariodesanpedro.com.ar\/sitio\/?p=41792"},"modified":"2018-10-12T20:52:48","modified_gmt":"2018-10-12T23:52:48","slug":"escobar-un-agente-de-la-policia-local-murio-al-caer-de-su-moto-y-golpear-contra-la-contencion","status":"publish","type":"post","link":"https:\/\/eldiariodesanpedro.com.ar\/sitio\/escobar-un-agente-de-la-policia-local-murio-al-caer-de-su-moto-y-golpear-contra-la-contencion\/","title":{"rendered":"ESCOBAR: Un agente de la Polic\u00eda Local muri\u00f3 al caer de su moto y golpear contra la contenci\u00f3n"},"content":{"rendered":"<p><!-- VideographyWP Plugin Message: Automatic video embedding prevented by plugin options. --><br \/>\nSe llamaba Adri\u00e1n Daniel Luna, ten\u00eda 21 a\u00f1os y acababa de terminar su turno de trabajo. El accidente ocurri\u00f3 sobre la Panamericana, en la entrada de Gar\u00edn. A dos kil\u00f3metros, otro motociclista hab\u00eda perdido la vida 24 horas antes.<\/p>\n<p>  Un joven efectivo de la Polic\u00eda Local falleci\u00f3 este mi\u00e9rcoles a la tarde tras caerse de su motocicleta en la subida al puente de Gar\u00edn, a la altura del kil\u00f3metro 39 de la autopista Panamericana.<br \/>\n  El lamentable episodio ocurri\u00f3 a las 19.15, cuando Adri\u00e1n Daniel Luna perdi\u00f3 el control de su Yamaha YBR blanca ingresando a la localidad y termin\u00f3 chocando contra el guardarra\u00edl derecho. El impacto contra la contenci\u00f3n met\u00e1lica fue tan fuerte que perdi\u00f3 la vida en el acto, por lo que se presume que vendr\u00eda circulando a una gran velocidad.<br \/>\n  Luna viv\u00eda en Gar\u00edn, ten\u00eda 21 a\u00f1os y cumpl\u00eda funciones como agente de la Polic\u00eda Local. De hecho, hab\u00eda terminado su turno laboral a las 19 y al momento del accidente ya se encontraba \u201cfranco de servicio\u201d, seg\u00fan informaron desde la Jefatura Distrital a El D\u00eda de Escobar.<br \/>\n  La Polic\u00eda Cient\u00edfica estuvo trabajando en el lugar ante la mirada estupefacta de todos los peatones y conductores que pasaban por all\u00ed, y el cuerpo de Luna fue trasladado a la morgue judicial de Campana, donde esta ma\u00f1ana se le iba a practicar una autopsia.<br \/>\nSu velatorio se realizar\u00e1 este jueves a partir de las 21 en una cocher\u00eda de la calle Bernardo de Irigoyen 253, Bel\u00e9n de Escobar. En tanto, sus restos ser\u00e1n inhumados este viernes a las 9 en el cementerio municipal de la ciudad.<br \/>\n  La muerte de Luna es la segunda en 24 horas que ocurre sobre la Panamericana, a la altura de Gar\u00edn. En la noche del martes, otro joven -Jos\u00e9 Incicco (18)- que tambi\u00e9n circulaba en moto perdi\u00f3 la vida al chocar con un Peugeot 207 en el kil\u00f3metro 41 de la autopista, mano a Capital.<\/p>\n<p>Fuente: El D\u00eda de Escobar<\/p>\n","protected":false},"excerpt":{"rendered":"<p>Se llamaba Adri\u00e1n Daniel Luna, ten\u00eda 21 a\u00f1os y acababa de terminar su turno de trabajo. El accidente ocurri\u00f3 sobre la Panamericana, en la entrada de Gar\u00edn. A dos kil\u00f3metros, otro motociclista hab\u00eda perdido la vida 24 horas antes. Un joven efectivo de la Polic\u00eda Local falleci\u00f3 este mi\u00e9rcoles a la tarde tras caerse de [&hellip;]<\/p>\n","protected":false},"author":4,"featured_media":41794,"comment_status":"open","ping_status":"closed","sticky":false,"template":"","format":"standard","meta":{"om_disable_all_campaigns":false,"_jetpack_memberships_contains_paid_content":false,"footnotes":""},"categories":[621],"tags":[],"class_list":["post-41792","post","type-post","status-publish","format-standard","has-post-thumbnail","hentry","category-regionales"],"aioseo_notices":[],"gutentor_comment":0,"jetpack_featured_media_url":"https:\/\/eldiariodesanpedro.com.ar\/sitio\/wp-content\/uploads\/2018\/10\/PAGINA-6-3.jpg","jetpack_shortlink":"https:\/\/wp.me\/p6RhLt-aS4","jetpack_sharing_enabled":true,"_links":{"self":[{"href":"https:\/\/eldiariodesanpedro.com.ar\/sitio\/wp-json\/wp\/v2\/posts\/41792","targetHints":{"allow":["GET"]}}],"collection":[{"href":"https:\/\/eldiariodesanpedro.com.ar\/sitio\/wp-json\/wp\/v2\/posts"}],"about":[{"href":"https:\/\/eldiariodesanpedro.com.ar\/sitio\/wp-json\/wp\/v2\/types\/post"}],"author":[{"embeddable":true,"href":"https:\/\/eldiariodesanpedro.com.ar\/sitio\/wp-json\/wp\/v2\/users\/4"}],"replies":[{"embeddable":true,"href":"https:\/\/eldiariodesanpedro.com.ar\/sitio\/wp-json\/wp\/v2\/comments?post=41792"}],"version-history":[{"count":1,"href":"https:\/\/eldiariodesanpedro.com.ar\/sitio\/wp-json\/wp\/v2\/posts\/41792\/revisions"}],"predecessor-version":[{"id":41795,"href":"https:\/\/eldiariodesanpedro.com.ar\/sitio\/wp-json\/wp\/v2\/posts\/41792\/revisions\/41795"}],"wp:featuredmedia":[{"embeddable":true,"href":"https:\/\/eldiariodesanpedro.com.ar\/sitio\/wp-json\/wp\/v2\/media\/41794"}],"wp:attachment":[{"href":"https:\/\/eldiariodesanpedro.com.ar\/sitio\/wp-json\/wp\/v2\/media?parent=41792"}],"wp:term":[{"taxonomy":"category","embeddable":true,"href":"https:\/\/eldiariodesanpedro.com.ar\/sitio\/wp-json\/wp\/v2\/categories?post=41792"},{"taxonomy":"post_tag","embeddable":true,"href":"https:\/\/eldiariodesanpedro.com.ar\/sitio\/wp-json\/wp\/v2\/tags?post=41792"}],"curies":[{"name":"wp","href":"https:\/\/api.w.org\/{rel}","templated":true}]}}