{"id":41785,"date":"2018-10-12T20:50:02","date_gmt":"2018-10-12T23:50:02","guid":{"rendered":"https:\/\/eldiariodesanpedro.com.ar\/sitio\/?p=41785"},"modified":"2018-10-12T20:50:02","modified_gmt":"2018-10-12T23:50:02","slug":"participativo-taller-de-atencion-al-cliente-en-turismo","status":"publish","type":"post","link":"https:\/\/eldiariodesanpedro.com.ar\/sitio\/participativo-taller-de-atencion-al-cliente-en-turismo\/","title":{"rendered":"Participativo taller de atenci\u00f3n al cliente en turismo"},"content":{"rendered":"<p><!-- VideographyWP Plugin Message: Automatic video embedding prevented by plugin options. --><br \/>\nCon la coordinaci\u00f3n de la Licenciada Anal\u00eda Col\u00e1ngelo de la Subsecretar\u00eda de Turismo de la Provincia de Buenos Aires y organizado por la Direcci\u00f3n de Turismo de San Pedro que conduce la Licenciada Marcela Cu\u00f1er, se cumpli\u00f3 en la tarde del jueves con interesante Taller de Atenci\u00f3n al Cliente al que concurrieron representantes de diferentes emprendimientos de la regi\u00f3n.<\/p>\n<p>  La propuesta orientada a las ciudades con un potencial importante en el tema plantea en quienes tienen de manera cotidiana contacto con turistas diferentes ejercicios para mejorar la calidad de la atenci\u00f3n a los visitantes de quienes depende el \u00e9xito y la sustentabilidad de cada proyecto. Propietarios, encargados, personal y estudiantes de carreras relacionadas intercambiaron experiencias y opiniones sobre el funcionamiento local del turismo arribando a conclusiones muy importantes para trasladar a las funciones diarias que cada uno desempe\u00f1a.<br \/>\n  El Taller de Atenci\u00f3n al Cliente gestionado por la Secretar\u00eda de Turismo de la Naci\u00f3n es acompa\u00f1ado tambi\u00e9n por el Consejo Federal de Inversiones y por la Municipalidad de San Pedro que de manera constante contin\u00faa respaldando al sector como generador de fuentes de trabajo y movimiento econ\u00f3mico para la ciudad.<\/p>\n","protected":false},"excerpt":{"rendered":"<p>Con la coordinaci\u00f3n de la Licenciada Anal\u00eda Col\u00e1ngelo de la Subsecretar\u00eda de Turismo de la Provincia de Buenos Aires y organizado por la Direcci\u00f3n de Turismo de San Pedro que conduce la Licenciada Marcela Cu\u00f1er, se cumpli\u00f3 en la tarde del jueves con interesante Taller de Atenci\u00f3n al Cliente al que concurrieron representantes de diferentes [&hellip;]<\/p>\n","protected":false},"author":4,"featured_media":41787,"comment_status":"open","ping_status":"closed","sticky":false,"template":"","format":"standard","meta":{"om_disable_all_campaigns":false,"_jetpack_memberships_contains_paid_content":false,"footnotes":""},"categories":[101,2],"tags":[],"class_list":["post-41785","post","type-post","status-publish","format-standard","has-post-thumbnail","hentry","category-interes-general-locales","category-locales"],"aioseo_notices":[],"gutentor_comment":0,"jetpack_featured_media_url":"https:\/\/eldiariodesanpedro.com.ar\/sitio\/wp-content\/uploads\/2018\/10\/Coordinado-por-la-Licenciada-Anal\u00eda-Col\u00e1ngelo-.jpg","jetpack_shortlink":"https:\/\/wp.me\/p6RhLt-aRX","jetpack_sharing_enabled":true,"_links":{"self":[{"href":"https:\/\/eldiariodesanpedro.com.ar\/sitio\/wp-json\/wp\/v2\/posts\/41785","targetHints":{"allow":["GET"]}}],"collection":[{"href":"https:\/\/eldiariodesanpedro.com.ar\/sitio\/wp-json\/wp\/v2\/posts"}],"about":[{"href":"https:\/\/eldiariodesanpedro.com.ar\/sitio\/wp-json\/wp\/v2\/types\/post"}],"author":[{"embeddable":true,"href":"https:\/\/eldiariodesanpedro.com.ar\/sitio\/wp-json\/wp\/v2\/users\/4"}],"replies":[{"embeddable":true,"href":"https:\/\/eldiariodesanpedro.com.ar\/sitio\/wp-json\/wp\/v2\/comments?post=41785"}],"version-history":[{"count":2,"href":"https:\/\/eldiariodesanpedro.com.ar\/sitio\/wp-json\/wp\/v2\/posts\/41785\/revisions"}],"predecessor-version":[{"id":41791,"href":"https:\/\/eldiariodesanpedro.com.ar\/sitio\/wp-json\/wp\/v2\/posts\/41785\/revisions\/41791"}],"wp:featuredmedia":[{"embeddable":true,"href":"https:\/\/eldiariodesanpedro.com.ar\/sitio\/wp-json\/wp\/v2\/media\/41787"}],"wp:attachment":[{"href":"https:\/\/eldiariodesanpedro.com.ar\/sitio\/wp-json\/wp\/v2\/media?parent=41785"}],"wp:term":[{"taxonomy":"category","embeddable":true,"href":"https:\/\/eldiariodesanpedro.com.ar\/sitio\/wp-json\/wp\/v2\/categories?post=41785"},{"taxonomy":"post_tag","embeddable":true,"href":"https:\/\/eldiariodesanpedro.com.ar\/sitio\/wp-json\/wp\/v2\/tags?post=41785"}],"curies":[{"name":"wp","href":"https:\/\/api.w.org\/{rel}","templated":true}]}}