{"id":41784,"date":"2018-10-12T20:48:57","date_gmt":"2018-10-12T23:48:57","guid":{"rendered":"https:\/\/eldiariodesanpedro.com.ar\/sitio\/?p=41784"},"modified":"2018-10-12T20:48:57","modified_gmt":"2018-10-12T23:48:57","slug":"charla-sobre-ets-para-alumnos-de-la-escuela-47","status":"publish","type":"post","link":"https:\/\/eldiariodesanpedro.com.ar\/sitio\/charla-sobre-ets-para-alumnos-de-la-escuela-47\/","title":{"rendered":"Charla sobre ETS para alumnos de la Escuela 47"},"content":{"rendered":"<p><!-- VideographyWP Plugin Message: Automatic video embedding prevented by plugin options. --><br \/>\nEn la ma\u00f1ana de este viernes alumnos de la Escuela Primaria N\u00ba 47 participaron del programa de charlas educativas que desde la Secretar\u00eda de Salud se brinda a los estudiantes de los diferentes establecimientos.<\/p>\n<p>  En el Centro Integrador Comunitario compartieron un encuentro con sus docentes y asistieron a la charla a cargo del Dr. Gabriel Sayago sobre ETS\/ITS, Enfermedades e infecciones de Transmisi\u00f3n Sexual.<br \/>\n  En esta oportunidad se utiliz\u00f3 adem\u00e1s una modalidad especial para que pudiesen formular preguntas an\u00f3nimas que generaron las respuestas y el debate sobre este tema tan importante en este momento de su formaci\u00f3n.<\/p>\n","protected":false},"excerpt":{"rendered":"<p>En la ma\u00f1ana de este viernes alumnos de la Escuela Primaria N\u00ba 47 participaron del programa de charlas educativas que desde la Secretar\u00eda de Salud se brinda a los estudiantes de los diferentes establecimientos. En el Centro Integrador Comunitario compartieron un encuentro con sus docentes y asistieron a la charla a cargo del Dr. Gabriel [&hellip;]<\/p>\n","protected":false},"author":4,"featured_media":41786,"comment_status":"open","ping_status":"closed","sticky":false,"template":"","format":"standard","meta":{"om_disable_all_campaigns":false,"_jetpack_memberships_contains_paid_content":false,"footnotes":""},"categories":[101,2],"tags":[],"class_list":["post-41784","post","type-post","status-publish","format-standard","has-post-thumbnail","hentry","category-interes-general-locales","category-locales"],"aioseo_notices":[],"gutentor_comment":0,"jetpack_featured_media_url":"https:\/\/eldiariodesanpedro.com.ar\/sitio\/wp-content\/uploads\/2018\/10\/PAGINA-4-3.jpg","jetpack_shortlink":"https:\/\/wp.me\/p6RhLt-aRW","jetpack_sharing_enabled":true,"_links":{"self":[{"href":"https:\/\/eldiariodesanpedro.com.ar\/sitio\/wp-json\/wp\/v2\/posts\/41784","targetHints":{"allow":["GET"]}}],"collection":[{"href":"https:\/\/eldiariodesanpedro.com.ar\/sitio\/wp-json\/wp\/v2\/posts"}],"about":[{"href":"https:\/\/eldiariodesanpedro.com.ar\/sitio\/wp-json\/wp\/v2\/types\/post"}],"author":[{"embeddable":true,"href":"https:\/\/eldiariodesanpedro.com.ar\/sitio\/wp-json\/wp\/v2\/users\/4"}],"replies":[{"embeddable":true,"href":"https:\/\/eldiariodesanpedro.com.ar\/sitio\/wp-json\/wp\/v2\/comments?post=41784"}],"version-history":[{"count":1,"href":"https:\/\/eldiariodesanpedro.com.ar\/sitio\/wp-json\/wp\/v2\/posts\/41784\/revisions"}],"predecessor-version":[{"id":41789,"href":"https:\/\/eldiariodesanpedro.com.ar\/sitio\/wp-json\/wp\/v2\/posts\/41784\/revisions\/41789"}],"wp:featuredmedia":[{"embeddable":true,"href":"https:\/\/eldiariodesanpedro.com.ar\/sitio\/wp-json\/wp\/v2\/media\/41786"}],"wp:attachment":[{"href":"https:\/\/eldiariodesanpedro.com.ar\/sitio\/wp-json\/wp\/v2\/media?parent=41784"}],"wp:term":[{"taxonomy":"category","embeddable":true,"href":"https:\/\/eldiariodesanpedro.com.ar\/sitio\/wp-json\/wp\/v2\/categories?post=41784"},{"taxonomy":"post_tag","embeddable":true,"href":"https:\/\/eldiariodesanpedro.com.ar\/sitio\/wp-json\/wp\/v2\/tags?post=41784"}],"curies":[{"name":"wp","href":"https:\/\/api.w.org\/{rel}","templated":true}]}}