{"id":41758,"date":"2018-10-12T11:10:39","date_gmt":"2018-10-12T14:10:39","guid":{"rendered":"https:\/\/eldiariodesanpedro.com.ar\/sitio\/?p=41758"},"modified":"2018-10-12T11:10:39","modified_gmt":"2018-10-12T14:10:39","slug":"incendio-y-destruccion-total-de-un-automovil-en-la-via-publica-video","status":"publish","type":"post","link":"https:\/\/eldiariodesanpedro.com.ar\/sitio\/incendio-y-destruccion-total-de-un-automovil-en-la-via-publica-video\/","title":{"rendered":"Incendio y destruccion total de un automovil en la via publica (Video)"},"content":{"rendered":"<p><!-- VideographyWP Plugin Message: Automatic video embedding prevented by plugin options. --><br \/>\nDurante la madrugada de este viernes alrededor de las 01:30 hs un dotacion de Bomberos Voluntarios de nuestra ciudad debi\u00f3 concurrir a Boulevard Moreno 1275 donde se produjo el siniestro de un utilitario Peugeot Partner.<\/p>\n<p>Segun se pudo constatar se habria provocado un desperfecto electrico lo que ocasion\u00f3 que se iniciaran las llamas en el veh\u00edculo, luego que su titular lo dejara estacionado en ese lugar.<\/p>\n<p>El fuego se expandi\u00f3 r\u00e1pidamente hasta llegar al tanque de combustible lo que provoc\u00f3 que las llamas se expandieran en forma generalizada, ocasionando la destrucci\u00f3n total del rodado.<\/p>\n<p><iframe data-src=\"https:\/\/www.facebook.com\/plugins\/video.php?href=https%3A%2F%2Fwww.facebook.com%2Feldiario.desanpedro%2Fvideos%2F248868759307265%2F&#038;show_text=0&#038;width=560\" width=\"560\" height=\"315\" style=\"border:none;overflow:hidden\" scrolling=\"no\" frameborder=\"0\" allowTransparency=\"true\" allowFullScreen=\"true\" src=\"data:image\/svg+xml;base64,PHN2ZyB3aWR0aD0iMSIgaGVpZ2h0PSIxIiB4bWxucz0iaHR0cDovL3d3dy53My5vcmcvMjAwMC9zdmciPjwvc3ZnPg==\" class=\"lazyload\" data-load-mode=\"1\"><\/iframe><\/p>\n","protected":false},"excerpt":{"rendered":"<p>Durante la madrugada de este viernes alrededor de las 01:30 hs un dotacion de Bomberos Voluntarios de nuestra ciudad debi\u00f3 concurrir a Boulevard Moreno 1275 donde se produjo el siniestro de un utilitario Peugeot Partner. Segun se pudo constatar se habria provocado un desperfecto electrico lo que ocasion\u00f3 que se iniciaran las llamas en el [&hellip;]<\/p>\n","protected":false},"author":4,"featured_media":41762,"comment_status":"open","ping_status":"closed","sticky":false,"template":"","format":"standard","meta":{"om_disable_all_campaigns":false,"_jetpack_memberships_contains_paid_content":false,"footnotes":""},"categories":[50,2,103],"tags":[],"class_list":["post-41758","post","type-post","status-publish","format-standard","has-post-thumbnail","hentry","category-destacadas","category-locales","category-policiales-locales"],"aioseo_notices":[],"gutentor_comment":0,"jetpack_featured_media_url":"https:\/\/eldiariodesanpedro.com.ar\/sitio\/wp-content\/uploads\/2018\/10\/2018-10-12.png","jetpack_shortlink":"https:\/\/wp.me\/p6RhLt-aRw","jetpack_sharing_enabled":true,"_links":{"self":[{"href":"https:\/\/eldiariodesanpedro.com.ar\/sitio\/wp-json\/wp\/v2\/posts\/41758","targetHints":{"allow":["GET"]}}],"collection":[{"href":"https:\/\/eldiariodesanpedro.com.ar\/sitio\/wp-json\/wp\/v2\/posts"}],"about":[{"href":"https:\/\/eldiariodesanpedro.com.ar\/sitio\/wp-json\/wp\/v2\/types\/post"}],"author":[{"embeddable":true,"href":"https:\/\/eldiariodesanpedro.com.ar\/sitio\/wp-json\/wp\/v2\/users\/4"}],"replies":[{"embeddable":true,"href":"https:\/\/eldiariodesanpedro.com.ar\/sitio\/wp-json\/wp\/v2\/comments?post=41758"}],"version-history":[{"count":1,"href":"https:\/\/eldiariodesanpedro.com.ar\/sitio\/wp-json\/wp\/v2\/posts\/41758\/revisions"}],"predecessor-version":[{"id":41763,"href":"https:\/\/eldiariodesanpedro.com.ar\/sitio\/wp-json\/wp\/v2\/posts\/41758\/revisions\/41763"}],"wp:featuredmedia":[{"embeddable":true,"href":"https:\/\/eldiariodesanpedro.com.ar\/sitio\/wp-json\/wp\/v2\/media\/41762"}],"wp:attachment":[{"href":"https:\/\/eldiariodesanpedro.com.ar\/sitio\/wp-json\/wp\/v2\/media?parent=41758"}],"wp:term":[{"taxonomy":"category","embeddable":true,"href":"https:\/\/eldiariodesanpedro.com.ar\/sitio\/wp-json\/wp\/v2\/categories?post=41758"},{"taxonomy":"post_tag","embeddable":true,"href":"https:\/\/eldiariodesanpedro.com.ar\/sitio\/wp-json\/wp\/v2\/tags?post=41758"}],"curies":[{"name":"wp","href":"https:\/\/api.w.org\/{rel}","templated":true}]}}