{"id":41751,"date":"2018-10-12T09:33:56","date_gmt":"2018-10-12T12:33:56","guid":{"rendered":"https:\/\/eldiariodesanpedro.com.ar\/sitio\/?p=41751"},"modified":"2018-10-12T09:33:56","modified_gmt":"2018-10-12T12:33:56","slug":"accidente-entre-una-motocicleta-y-un-auto-2","status":"publish","type":"post","link":"https:\/\/eldiariodesanpedro.com.ar\/sitio\/accidente-entre-una-motocicleta-y-un-auto-2\/","title":{"rendered":"Accidente:  entre una motocicleta y un auto"},"content":{"rendered":"<p><!-- VideographyWP Plugin Message: Automatic video embedding prevented by plugin options. --><br \/>\nCerca de las 15hs,  por causas que se  tratasen de establecer, este jueves se produjo un accidente de tr\u00e1nsito en calle Bernardo Irigoyen al 60.<\/p>\n<p>All\u00ed colisiona una motocicleta Guerrero conducida por una joven de 20 a\u00f1os de edad, con un autom\u00f3vil marca Meriva, conducido por un hombre de 45.<\/p>\n<p>Como consecuencias la joven fue trasladada hasta el nosocomio local, quien el medico de guardia dictamina un  traumatismo en una de sus piernas de car\u00e1cter leve. <\/p>\n","protected":false},"excerpt":{"rendered":"<p>Cerca de las 15hs, por causas que se tratasen de establecer, este jueves se produjo un accidente de tr\u00e1nsito en calle Bernardo Irigoyen al 60. All\u00ed colisiona una motocicleta Guerrero conducida por una joven de 20 a\u00f1os de edad, con un autom\u00f3vil marca Meriva, conducido por un hombre de 45. Como consecuencias la joven fue [&hellip;]<\/p>\n","protected":false},"author":4,"featured_media":27202,"comment_status":"open","ping_status":"closed","sticky":false,"template":"","format":"standard","meta":{"om_disable_all_campaigns":false,"_jetpack_memberships_contains_paid_content":false,"footnotes":""},"categories":[2,103],"tags":[],"class_list":["post-41751","post","type-post","status-publish","format-standard","has-post-thumbnail","hentry","category-locales","category-policiales-locales"],"aioseo_notices":[],"gutentor_comment":0,"jetpack_featured_media_url":"https:\/\/eldiariodesanpedro.com.ar\/sitio\/wp-content\/uploads\/2017\/12\/ambulancia-same-provincia.jpg","jetpack_shortlink":"https:\/\/wp.me\/p6RhLt-aRp","jetpack_sharing_enabled":true,"_links":{"self":[{"href":"https:\/\/eldiariodesanpedro.com.ar\/sitio\/wp-json\/wp\/v2\/posts\/41751","targetHints":{"allow":["GET"]}}],"collection":[{"href":"https:\/\/eldiariodesanpedro.com.ar\/sitio\/wp-json\/wp\/v2\/posts"}],"about":[{"href":"https:\/\/eldiariodesanpedro.com.ar\/sitio\/wp-json\/wp\/v2\/types\/post"}],"author":[{"embeddable":true,"href":"https:\/\/eldiariodesanpedro.com.ar\/sitio\/wp-json\/wp\/v2\/users\/4"}],"replies":[{"embeddable":true,"href":"https:\/\/eldiariodesanpedro.com.ar\/sitio\/wp-json\/wp\/v2\/comments?post=41751"}],"version-history":[{"count":1,"href":"https:\/\/eldiariodesanpedro.com.ar\/sitio\/wp-json\/wp\/v2\/posts\/41751\/revisions"}],"predecessor-version":[{"id":41752,"href":"https:\/\/eldiariodesanpedro.com.ar\/sitio\/wp-json\/wp\/v2\/posts\/41751\/revisions\/41752"}],"wp:featuredmedia":[{"embeddable":true,"href":"https:\/\/eldiariodesanpedro.com.ar\/sitio\/wp-json\/wp\/v2\/media\/27202"}],"wp:attachment":[{"href":"https:\/\/eldiariodesanpedro.com.ar\/sitio\/wp-json\/wp\/v2\/media?parent=41751"}],"wp:term":[{"taxonomy":"category","embeddable":true,"href":"https:\/\/eldiariodesanpedro.com.ar\/sitio\/wp-json\/wp\/v2\/categories?post=41751"},{"taxonomy":"post_tag","embeddable":true,"href":"https:\/\/eldiariodesanpedro.com.ar\/sitio\/wp-json\/wp\/v2\/tags?post=41751"}],"curies":[{"name":"wp","href":"https:\/\/api.w.org\/{rel}","templated":true}]}}