{"id":41745,"date":"2018-10-12T09:24:15","date_gmt":"2018-10-12T12:24:15","guid":{"rendered":"https:\/\/eldiariodesanpedro.com.ar\/sitio\/?p=41745"},"modified":"2018-10-12T09:24:15","modified_gmt":"2018-10-12T12:24:15","slug":"importante-operativo-del-comando-de-prevencion-rural-en-el-ingreso-de-nuestra-ciudad","status":"publish","type":"post","link":"https:\/\/eldiariodesanpedro.com.ar\/sitio\/importante-operativo-del-comando-de-prevencion-rural-en-el-ingreso-de-nuestra-ciudad\/","title":{"rendered":"Importante Operativo del Comando de Prevenci\u00f3n Rural en el ingreso de nuestra ciudad"},"content":{"rendered":"<p><!-- VideographyWP Plugin Message: Automatic video embedding prevented by plugin options. --><br \/>\nPersonal del Comando de Prevenci\u00f3n Rural San Pedro, a cargo del Subcomisario Daniel Corsa, en forma conjunta con personal del Comando de Prevenci\u00f3n Rural Ramallo, Baradero y San Nicol\u00e1s, como as\u00ed tambi\u00e9n personal del Destacamento de Seguridad Vial San Pedro, llev\u00f3 a cabo un megaoperativo diagramado por el C.P.R. de esta ciudad y la Coordinaci\u00f3n de Zona de Seguridad Rural Pergamino, habi\u00e9ndose hecho presente el Subcoordinador Comisario Acosta, Daniel, en Ruta Provincial 191 y Ruta Nacional 9.<\/p>\n<p>El objetivo fue: control de mercader\u00eda en tr\u00e1nsito \u2013 Control de ganado en tr\u00e1nsito mayor y menor \u2013 control de agroqu\u00edmicos \u2013 control resoluciones de SENASA en vigencia y control de cereal, obteniendo como resultado el inicio de 8 actuaciones contravencionales por diferentes infracciones de tr\u00e1nsito y resoluciones de Senasa.<\/p>\n<p>As\u00ed tambi\u00e9n se procedi\u00f3 al secuestro de un acoplado de transporte de aves en pie, que al momento se hallaba vac\u00edo, por hallarse la chapa de chasis no acorde a las reglamentaciones vigentes, por lo que la Unidad Funcional de Instrucci\u00f3n y Juicio N\u00b0 11, Sede Descentralizada San Pedro, a cargo de la Sra. Agente Fiscal Dra. Viviana Ramos, del Departamento Judicial San Nicol\u00e1s, dispuso que se labren actuaciones por Infracci\u00f3n al Articulo N\u00b0 289 del C\u00f3digo Penal, y se notific\u00f3 de la formaci\u00f3n de la causa y sus derechos seg\u00fan lo normado en el Articulo N\u00b0 60 del C\u00f3digo de Procedimiento Penal de la Provincia de Buenos Aires al chofer del cami\u00f3n, oriundo de Capit\u00e1n Sarmiento.<\/p>\n<p>Tambi\u00e9n en horas de la noche, personal policial de Rio Tala, marco Operativo Interceptaci\u00f3n Vehicular y Piratas del Asfalto, en Ruta 1001 y ruta 9, proceden a la aprehensi\u00f3n de dos j\u00f3venes<img decoding=\"async\" data-attachment-id=\"41746\" data-permalink=\"https:\/\/eldiariodesanpedro.com.ar\/sitio\/importante-operativo-del-comando-de-prevencion-rural-en-el-ingreso-de-nuestra-ciudad\/whatsapp-image-2018-10-11-at-10-37-47\/\" data-orig-file=\"https:\/\/eldiariodesanpedro.com.ar\/sitio\/wp-content\/uploads\/2018\/10\/WhatsApp-Image-2018-10-11-at-10.37.47.jpeg\" data-orig-size=\"774,1032\" data-comments-opened=\"1\" data-image-meta=\"{&quot;aperture&quot;:&quot;0&quot;,&quot;credit&quot;:&quot;&quot;,&quot;camera&quot;:&quot;&quot;,&quot;caption&quot;:&quot;&quot;,&quot;created_timestamp&quot;:&quot;0&quot;,&quot;copyright&quot;:&quot;&quot;,&quot;focal_length&quot;:&quot;0&quot;,&quot;iso&quot;:&quot;0&quot;,&quot;shutter_speed&quot;:&quot;0&quot;,&quot;title&quot;:&quot;&quot;,&quot;orientation&quot;:&quot;0&quot;}\" data-image-title=\"WhatsApp Image 2018-10-11 at 10.37.47\" data-image-description=\"\" data-image-caption=\"\" data-large-file=\"https:\/\/eldiariodesanpedro.com.ar\/sitio\/wp-content\/uploads\/2018\/10\/WhatsApp-Image-2018-10-11-at-10.37.47-768x1024.jpeg\" class=\"alignnone size-large wp-image-41746 lazyload\" data-src=\"https:\/\/eldiariodesanpedro.com.ar\/sitio\/wp-content\/uploads\/2018\/10\/WhatsApp-Image-2018-10-11-at-10.37.47-768x1024.jpeg\" alt=\"\" width=\"660\" height=\"880\" data-srcset=\"https:\/\/eldiariodesanpedro.com.ar\/sitio\/wp-content\/uploads\/2018\/10\/WhatsApp-Image-2018-10-11-at-10.37.47-768x1024.jpeg 768w, https:\/\/eldiariodesanpedro.com.ar\/sitio\/wp-content\/uploads\/2018\/10\/WhatsApp-Image-2018-10-11-at-10.37.47-225x300.jpeg 225w, https:\/\/eldiariodesanpedro.com.ar\/sitio\/wp-content\/uploads\/2018\/10\/WhatsApp-Image-2018-10-11-at-10.37.47.jpeg 774w\" data-sizes=\"(max-width: 660px) 100vw, 660px\" src=\"data:image\/svg+xml;base64,PHN2ZyB3aWR0aD0iMSIgaGVpZ2h0PSIxIiB4bWxucz0iaHR0cDovL3d3dy53My5vcmcvMjAwMC9zdmciPjwvc3ZnPg==\" style=\"--smush-placeholder-width: 660px; --smush-placeholder-aspect-ratio: 660\/880;\" \/><\/p>\n<p><img decoding=\"async\" data-attachment-id=\"41747\" data-permalink=\"https:\/\/eldiariodesanpedro.com.ar\/sitio\/importante-operativo-del-comando-de-prevencion-rural-en-el-ingreso-de-nuestra-ciudad\/whatsapp-image-2018-10-11-at-10-37-56\/\" data-orig-file=\"https:\/\/eldiariodesanpedro.com.ar\/sitio\/wp-content\/uploads\/2018\/10\/WhatsApp-Image-2018-10-11-at-10.37.56.jpeg\" data-orig-size=\"774,1032\" data-comments-opened=\"1\" data-image-meta=\"{&quot;aperture&quot;:&quot;0&quot;,&quot;credit&quot;:&quot;&quot;,&quot;camera&quot;:&quot;&quot;,&quot;caption&quot;:&quot;&quot;,&quot;created_timestamp&quot;:&quot;0&quot;,&quot;copyright&quot;:&quot;&quot;,&quot;focal_length&quot;:&quot;0&quot;,&quot;iso&quot;:&quot;0&quot;,&quot;shutter_speed&quot;:&quot;0&quot;,&quot;title&quot;:&quot;&quot;,&quot;orientation&quot;:&quot;0&quot;}\" data-image-title=\"WhatsApp Image 2018-10-11 at 10.37.56\" data-image-description=\"\" data-image-caption=\"\" data-large-file=\"https:\/\/eldiariodesanpedro.com.ar\/sitio\/wp-content\/uploads\/2018\/10\/WhatsApp-Image-2018-10-11-at-10.37.56-768x1024.jpeg\" class=\"alignnone size-large wp-image-41747 lazyload\" data-src=\"https:\/\/eldiariodesanpedro.com.ar\/sitio\/wp-content\/uploads\/2018\/10\/WhatsApp-Image-2018-10-11-at-10.37.56-768x1024.jpeg\" alt=\"\" width=\"660\" height=\"880\" data-srcset=\"https:\/\/eldiariodesanpedro.com.ar\/sitio\/wp-content\/uploads\/2018\/10\/WhatsApp-Image-2018-10-11-at-10.37.56-768x1024.jpeg 768w, https:\/\/eldiariodesanpedro.com.ar\/sitio\/wp-content\/uploads\/2018\/10\/WhatsApp-Image-2018-10-11-at-10.37.56-225x300.jpeg 225w, https:\/\/eldiariodesanpedro.com.ar\/sitio\/wp-content\/uploads\/2018\/10\/WhatsApp-Image-2018-10-11-at-10.37.56.jpeg 774w\" data-sizes=\"(max-width: 660px) 100vw, 660px\" src=\"data:image\/svg+xml;base64,PHN2ZyB3aWR0aD0iMSIgaGVpZ2h0PSIxIiB4bWxucz0iaHR0cDovL3d3dy53My5vcmcvMjAwMC9zdmciPjwvc3ZnPg==\" style=\"--smush-placeholder-width: 660px; --smush-placeholder-aspect-ratio: 660\/880;\" \/><\/p>\n<p><img decoding=\"async\" data-attachment-id=\"41748\" data-permalink=\"https:\/\/eldiariodesanpedro.com.ar\/sitio\/importante-operativo-del-comando-de-prevencion-rural-en-el-ingreso-de-nuestra-ciudad\/whatsapp-image-2018-10-11-at-10-38-06\/\" data-orig-file=\"https:\/\/eldiariodesanpedro.com.ar\/sitio\/wp-content\/uploads\/2018\/10\/WhatsApp-Image-2018-10-11-at-10.38.06.jpeg\" data-orig-size=\"774,1032\" data-comments-opened=\"1\" data-image-meta=\"{&quot;aperture&quot;:&quot;0&quot;,&quot;credit&quot;:&quot;&quot;,&quot;camera&quot;:&quot;&quot;,&quot;caption&quot;:&quot;&quot;,&quot;created_timestamp&quot;:&quot;0&quot;,&quot;copyright&quot;:&quot;&quot;,&quot;focal_length&quot;:&quot;0&quot;,&quot;iso&quot;:&quot;0&quot;,&quot;shutter_speed&quot;:&quot;0&quot;,&quot;title&quot;:&quot;&quot;,&quot;orientation&quot;:&quot;0&quot;}\" data-image-title=\"WhatsApp Image 2018-10-11 at 10.38.06\" data-image-description=\"\" data-image-caption=\"\" data-large-file=\"https:\/\/eldiariodesanpedro.com.ar\/sitio\/wp-content\/uploads\/2018\/10\/WhatsApp-Image-2018-10-11-at-10.38.06-768x1024.jpeg\" class=\"alignnone size-large wp-image-41748 lazyload\" data-src=\"https:\/\/eldiariodesanpedro.com.ar\/sitio\/wp-content\/uploads\/2018\/10\/WhatsApp-Image-2018-10-11-at-10.38.06-768x1024.jpeg\" alt=\"\" width=\"660\" height=\"880\" data-srcset=\"https:\/\/eldiariodesanpedro.com.ar\/sitio\/wp-content\/uploads\/2018\/10\/WhatsApp-Image-2018-10-11-at-10.38.06-768x1024.jpeg 768w, https:\/\/eldiariodesanpedro.com.ar\/sitio\/wp-content\/uploads\/2018\/10\/WhatsApp-Image-2018-10-11-at-10.38.06-225x300.jpeg 225w, https:\/\/eldiariodesanpedro.com.ar\/sitio\/wp-content\/uploads\/2018\/10\/WhatsApp-Image-2018-10-11-at-10.38.06.jpeg 774w\" data-sizes=\"(max-width: 660px) 100vw, 660px\" src=\"data:image\/svg+xml;base64,PHN2ZyB3aWR0aD0iMSIgaGVpZ2h0PSIxIiB4bWxucz0iaHR0cDovL3d3dy53My5vcmcvMjAwMC9zdmciPjwvc3ZnPg==\" style=\"--smush-placeholder-width: 660px; --smush-placeholder-aspect-ratio: 660\/880;\" \/> de 25 y 29 a\u00f1os de edad, secuestrandoles en su poder cogollos con sustancia de marihuana, en poca cantidad. Se cumplieron recaudos legales, infracci\u00f3n a la Ley 23.737, y fueron puestos en libertad.<\/p>\n","protected":false},"excerpt":{"rendered":"<p>Personal del Comando de Prevenci\u00f3n Rural San Pedro, a cargo del Subcomisario Daniel Corsa, en forma conjunta con personal del Comando de Prevenci\u00f3n Rural Ramallo, Baradero y San Nicol\u00e1s, como as\u00ed tambi\u00e9n personal del Destacamento de Seguridad Vial San Pedro, llev\u00f3 a cabo un megaoperativo diagramado por el C.P.R. de esta ciudad y la Coordinaci\u00f3n [&hellip;]<\/p>\n","protected":false},"author":4,"featured_media":41749,"comment_status":"open","ping_status":"closed","sticky":false,"template":"","format":"standard","meta":{"om_disable_all_campaigns":false,"_jetpack_memberships_contains_paid_content":false,"footnotes":""},"categories":[50,2,103],"tags":[],"class_list":["post-41745","post","type-post","status-publish","format-standard","has-post-thumbnail","hentry","category-destacadas","category-locales","category-policiales-locales"],"aioseo_notices":[],"gutentor_comment":0,"jetpack_featured_media_url":"https:\/\/eldiariodesanpedro.com.ar\/sitio\/wp-content\/uploads\/2018\/10\/WhatsApp-Image-2018-10-11-at-10.37.47.jpg","jetpack_shortlink":"https:\/\/wp.me\/p6RhLt-aRj","jetpack_sharing_enabled":true,"_links":{"self":[{"href":"https:\/\/eldiariodesanpedro.com.ar\/sitio\/wp-json\/wp\/v2\/posts\/41745","targetHints":{"allow":["GET"]}}],"collection":[{"href":"https:\/\/eldiariodesanpedro.com.ar\/sitio\/wp-json\/wp\/v2\/posts"}],"about":[{"href":"https:\/\/eldiariodesanpedro.com.ar\/sitio\/wp-json\/wp\/v2\/types\/post"}],"author":[{"embeddable":true,"href":"https:\/\/eldiariodesanpedro.com.ar\/sitio\/wp-json\/wp\/v2\/users\/4"}],"replies":[{"embeddable":true,"href":"https:\/\/eldiariodesanpedro.com.ar\/sitio\/wp-json\/wp\/v2\/comments?post=41745"}],"version-history":[{"count":1,"href":"https:\/\/eldiariodesanpedro.com.ar\/sitio\/wp-json\/wp\/v2\/posts\/41745\/revisions"}],"predecessor-version":[{"id":41750,"href":"https:\/\/eldiariodesanpedro.com.ar\/sitio\/wp-json\/wp\/v2\/posts\/41745\/revisions\/41750"}],"wp:featuredmedia":[{"embeddable":true,"href":"https:\/\/eldiariodesanpedro.com.ar\/sitio\/wp-json\/wp\/v2\/media\/41749"}],"wp:attachment":[{"href":"https:\/\/eldiariodesanpedro.com.ar\/sitio\/wp-json\/wp\/v2\/media?parent=41745"}],"wp:term":[{"taxonomy":"category","embeddable":true,"href":"https:\/\/eldiariodesanpedro.com.ar\/sitio\/wp-json\/wp\/v2\/categories?post=41745"},{"taxonomy":"post_tag","embeddable":true,"href":"https:\/\/eldiariodesanpedro.com.ar\/sitio\/wp-json\/wp\/v2\/tags?post=41745"}],"curies":[{"name":"wp","href":"https:\/\/api.w.org\/{rel}","templated":true}]}}