{"id":41743,"date":"2018-10-12T09:03:08","date_gmt":"2018-10-12T12:03:08","guid":{"rendered":"https:\/\/eldiariodesanpedro.com.ar\/sitio\/?p=41743"},"modified":"2018-10-12T09:03:08","modified_gmt":"2018-10-12T12:03:08","slug":"un-adolescente-de-16-anos-fue-aprehendido-tras-intentar-agredir-al-personal-policial-en-un-allanamiento","status":"publish","type":"post","link":"https:\/\/eldiariodesanpedro.com.ar\/sitio\/un-adolescente-de-16-anos-fue-aprehendido-tras-intentar-agredir-al-personal-policial-en-un-allanamiento\/","title":{"rendered":"Un adolescente de 16 a\u00f1os fue aprehendido tras intentar agredir al personal policial en un allanamiento"},"content":{"rendered":"<p><!-- VideographyWP Plugin Message: Automatic video embedding prevented by plugin options. --><br \/>\nEn la tarde del jueves, alrededor de las 17:10hs, personal del Gabinete de Prevenci\u00f3n Criminol\u00f3gico, tras distintas tareas investigativas referente a un hecho de hurto, solicita  orden de allanamiento por intermedio de la UFI Joven San Nicolas, otorgada por el Juzgado de Garant\u00edas del Joven en turno.<\/p>\n<p>La diligencia se procedi\u00f3 en un domicilio de calle Brennan al 1400, arrojando resultado negativo, pero al momento de ingresar un menor de 16 a\u00f1os de edad que estaba siendo buscado, se resiste e intentando agredir al personal policial, sin lograr lesionarlos. <\/p>\n<p>Se procede a su aprehensi\u00f3n, trasladado a la seccional Policial y sera sometido al proceso judicial, luego fue entregado a sus progenitores.<\/p>\n<p>Tambi\u00e9n personal policial se acerc\u00f3 por la tarde, a la vivienda de un ciudadano mayor de edad, que tiempo atr\u00e1s realiz\u00f3 una transacci\u00f3n comercial con una mujer, tras no cumplirse con lo pactado en cuanto a venta de un rodado y no habi\u00e9ndose le abonado cuotas de esta, el hombre recibe amenazas telef\u00f3nicas por parte de la mujer deudora. <\/p>\n<p>Investiga el hecho la fiscal\u00eda en turno de San Pedro. <\/p>\n","protected":false},"excerpt":{"rendered":"<p>En la tarde del jueves, alrededor de las 17:10hs, personal del Gabinete de Prevenci\u00f3n Criminol\u00f3gico, tras distintas tareas investigativas referente a un hecho de hurto, solicita orden de allanamiento por intermedio de la UFI Joven San Nicolas, otorgada por el Juzgado de Garant\u00edas del Joven en turno. La diligencia se procedi\u00f3 en un domicilio de [&hellip;]<\/p>\n","protected":false},"author":4,"featured_media":13371,"comment_status":"open","ping_status":"closed","sticky":false,"template":"","format":"standard","meta":{"om_disable_all_campaigns":false,"_jetpack_memberships_contains_paid_content":false,"footnotes":""},"categories":[2,103],"tags":[],"class_list":["post-41743","post","type-post","status-publish","format-standard","has-post-thumbnail","hentry","category-locales","category-policiales-locales"],"aioseo_notices":[],"gutentor_comment":0,"jetpack_featured_media_url":"https:\/\/eldiariodesanpedro.com.ar\/sitio\/wp-content\/uploads\/2017\/01\/Patrulla-3-e1485286104708.jpg","jetpack_shortlink":"https:\/\/wp.me\/p6RhLt-aRh","jetpack_sharing_enabled":true,"_links":{"self":[{"href":"https:\/\/eldiariodesanpedro.com.ar\/sitio\/wp-json\/wp\/v2\/posts\/41743","targetHints":{"allow":["GET"]}}],"collection":[{"href":"https:\/\/eldiariodesanpedro.com.ar\/sitio\/wp-json\/wp\/v2\/posts"}],"about":[{"href":"https:\/\/eldiariodesanpedro.com.ar\/sitio\/wp-json\/wp\/v2\/types\/post"}],"author":[{"embeddable":true,"href":"https:\/\/eldiariodesanpedro.com.ar\/sitio\/wp-json\/wp\/v2\/users\/4"}],"replies":[{"embeddable":true,"href":"https:\/\/eldiariodesanpedro.com.ar\/sitio\/wp-json\/wp\/v2\/comments?post=41743"}],"version-history":[{"count":1,"href":"https:\/\/eldiariodesanpedro.com.ar\/sitio\/wp-json\/wp\/v2\/posts\/41743\/revisions"}],"predecessor-version":[{"id":41744,"href":"https:\/\/eldiariodesanpedro.com.ar\/sitio\/wp-json\/wp\/v2\/posts\/41743\/revisions\/41744"}],"wp:featuredmedia":[{"embeddable":true,"href":"https:\/\/eldiariodesanpedro.com.ar\/sitio\/wp-json\/wp\/v2\/media\/13371"}],"wp:attachment":[{"href":"https:\/\/eldiariodesanpedro.com.ar\/sitio\/wp-json\/wp\/v2\/media?parent=41743"}],"wp:term":[{"taxonomy":"category","embeddable":true,"href":"https:\/\/eldiariodesanpedro.com.ar\/sitio\/wp-json\/wp\/v2\/categories?post=41743"},{"taxonomy":"post_tag","embeddable":true,"href":"https:\/\/eldiariodesanpedro.com.ar\/sitio\/wp-json\/wp\/v2\/tags?post=41743"}],"curies":[{"name":"wp","href":"https:\/\/api.w.org\/{rel}","templated":true}]}}