{"id":41733,"date":"2018-10-11T20:33:45","date_gmt":"2018-10-11T23:33:45","guid":{"rendered":"https:\/\/eldiariodesanpedro.com.ar\/sitio\/?p=41733"},"modified":"2026-01-24T00:09:19","modified_gmt":"2026-01-24T03:09:19","slug":"tenis-certamen-en-nautico","status":"publish","type":"post","link":"https:\/\/eldiariodesanpedro.com.ar\/sitio\/tenis-certamen-en-nautico\/","title":{"rendered":"TENIS: Certamen en N\u00e1utico"},"content":{"rendered":"<p><!-- VideographyWP Plugin Message: Automatic video embedding prevented by plugin options. --><br \/>\n  El certamen fue con jugadores de N\u00e1utico y Pescadores el pasado fin de semana, logrando en categor\u00eda 2 Santiago At\u00edas ocupar el primer lugar en su edad y Mart\u00edn Pratz fue segundo en franja, deportistas del Club Pescadores.<br \/>\n  Santiago se impuso a Derita 4-1\/ Araldi 6-1\/en semifinales a M. Ya\u00f1ez 6-2\/ final a Cruz Ya\u00f1ez 6-3.<br \/>\n  Mart\u00edn a Canelo 4-3\/ cay\u00f3 con Ya\u00f1ez 3-4\/gan\u00f3 a Ortiz 4-3\/perdi\u00f3 en semifinales ante Cruz Ya\u00f1ez 4-6.  <\/p>\n","protected":false},"excerpt":{"rendered":"<p>El certamen fue con jugadores de N\u00e1utico y Pescadores el pasado fin de semana, logrando en categor\u00eda 2 Santiago At\u00edas ocupar el primer lugar en su edad y Mart\u00edn Pratz fue segundo en franja, deportistas del Club Pescadores. Santiago se impuso a Derita 4-1\/ Araldi 6-1\/en semifinales a M. Ya\u00f1ez 6-2\/ final a Cruz Ya\u00f1ez [&hellip;]<\/p>\n","protected":false},"author":4,"featured_media":41734,"comment_status":"open","ping_status":"closed","sticky":false,"template":"","format":"standard","meta":{"om_disable_all_campaigns":false,"_jetpack_memberships_contains_paid_content":false,"footnotes":""},"categories":[5],"tags":[],"class_list":["post-41733","post","type-post","status-publish","format-standard","has-post-thumbnail","hentry","category-deportes"],"aioseo_notices":[],"gutentor_comment":0,"jetpack_featured_media_url":"https:\/\/eldiariodesanpedro.com.ar\/sitio\/wp-content\/uploads\/2018\/10\/Deportistas-que-participaron-en-CNSP.jpg","jetpack_shortlink":"https:\/\/wp.me\/p6RhLt-aR7","jetpack_sharing_enabled":true,"_links":{"self":[{"href":"https:\/\/eldiariodesanpedro.com.ar\/sitio\/wp-json\/wp\/v2\/posts\/41733","targetHints":{"allow":["GET"]}}],"collection":[{"href":"https:\/\/eldiariodesanpedro.com.ar\/sitio\/wp-json\/wp\/v2\/posts"}],"about":[{"href":"https:\/\/eldiariodesanpedro.com.ar\/sitio\/wp-json\/wp\/v2\/types\/post"}],"author":[{"embeddable":true,"href":"https:\/\/eldiariodesanpedro.com.ar\/sitio\/wp-json\/wp\/v2\/users\/4"}],"replies":[{"embeddable":true,"href":"https:\/\/eldiariodesanpedro.com.ar\/sitio\/wp-json\/wp\/v2\/comments?post=41733"}],"version-history":[{"count":1,"href":"https:\/\/eldiariodesanpedro.com.ar\/sitio\/wp-json\/wp\/v2\/posts\/41733\/revisions"}],"predecessor-version":[{"id":41737,"href":"https:\/\/eldiariodesanpedro.com.ar\/sitio\/wp-json\/wp\/v2\/posts\/41733\/revisions\/41737"}],"wp:featuredmedia":[{"embeddable":true,"href":"https:\/\/eldiariodesanpedro.com.ar\/sitio\/wp-json\/wp\/v2\/media\/41734"}],"wp:attachment":[{"href":"https:\/\/eldiariodesanpedro.com.ar\/sitio\/wp-json\/wp\/v2\/media?parent=41733"}],"wp:term":[{"taxonomy":"category","embeddable":true,"href":"https:\/\/eldiariodesanpedro.com.ar\/sitio\/wp-json\/wp\/v2\/categories?post=41733"},{"taxonomy":"post_tag","embeddable":true,"href":"https:\/\/eldiariodesanpedro.com.ar\/sitio\/wp-json\/wp\/v2\/tags?post=41733"}],"curies":[{"name":"wp","href":"https:\/\/api.w.org\/{rel}","templated":true}]}}