{"id":41731,"date":"2018-10-11T20:33:28","date_gmt":"2018-10-11T23:33:28","guid":{"rendered":"https:\/\/eldiariodesanpedro.com.ar\/sitio\/?p=41731"},"modified":"2026-01-24T00:09:19","modified_gmt":"2026-01-24T03:09:19","slug":"sub-13-de-clubes-independencia-sumo-una-nueva-victoria-con-goleada-y-es-unico-lider","status":"publish","type":"post","link":"https:\/\/eldiariodesanpedro.com.ar\/sitio\/sub-13-de-clubes-independencia-sumo-una-nueva-victoria-con-goleada-y-es-unico-lider\/","title":{"rendered":"SUB 13 DE CLUBES: Independencia sum\u00f3 una nueva victoria con goleada y es \u00fanico l\u00edder"},"content":{"rendered":"<p><!-- VideographyWP Plugin Message: Automatic video embedding prevented by plugin options. --><br \/>\nIndependencia le gan\u00f3 nuevamente a Douglas Haig de Pergamino, esta vez por 5 a 0 en cotejo correspondiente a la cuarta fecha del Torneo de Clubes Sub 13 que organiza Federaci\u00f3n Norte de F\u00fatbol.<br \/>\n  Independencia lo gan\u00f3 con goles de Melgar en dos ocasiones, Porcell, Gast\u00f3n Abaca y Soto en la tercera presentaci\u00f3n de local consecutiva, ya que en su debut le gan\u00f3 4-3 a Douglas Haig en Pergamino, en la segunda fecha igual\u00f3 1-1 ante Regatas de San Nicol\u00e1s y luego 3-1 a Somisa. En la pr\u00f3xima fecha visita a Regatas en San Nicol\u00e1s.<br \/>\n  Con este triunfo suma 10 puntos, es \u00fanico puntero tras el empate de Regatas-Somisa 1-1, logrando pr\u00e1cticamente la clasificaci\u00f3n a la pr\u00f3xima instancia donde jugar\u00e1n los 16 mejores.<br \/>\n  La ubicaci\u00f3n final ser\u00e1 importante para conocer el rival, ya que de una tabla general sale los octavos de final, donde se juega a partido de ida y vuelta.<\/p>\n<p><strong>S\u00edntesis<\/strong><br \/>\n<em>Independencia FC 5- Douglas Haig 0<\/em><br \/>\nIndependencia FC: Alderete, Soto, Kevin Abaca, F. Brienza, Moyano, Leiva, Melgar, Fern\u00e1ndez, Rufach, Abaca y Porcell. DT: Mauro Sandoval. Relevos: Dom\u00ednguez, Kloster y Balbuena.<br \/>\nDouglas Haig: Montiel, Saucedo, Montenegro, Asse, Correa, Paludi, Toledo, Peranzoni, Smith, Lazari y Hadadd. DT: Juan Cubilla. Relevos: Frontera, Carnevale y Cardosos.<br \/>\nGoles: 7m y 56m Melgar (I), 22m Porcell (I), 37m Gast\u00f3n Abaca (I), 54m Soto (I).<br \/>\n\u00c1rbitro: Cesar Castro<br \/>\nAsistentes: Cesar Su\u00e1rez y Aguirre Vila.<\/p>\n","protected":false},"excerpt":{"rendered":"<p>Independencia le gan\u00f3 nuevamente a Douglas Haig de Pergamino, esta vez por 5 a 0 en cotejo correspondiente a la cuarta fecha del Torneo de Clubes Sub 13 que organiza Federaci\u00f3n Norte de F\u00fatbol. Independencia lo gan\u00f3 con goles de Melgar en dos ocasiones, Porcell, Gast\u00f3n Abaca y Soto en la tercera presentaci\u00f3n de local [&hellip;]<\/p>\n","protected":false},"author":4,"featured_media":41732,"comment_status":"open","ping_status":"closed","sticky":false,"template":"","format":"standard","meta":{"om_disable_all_campaigns":false,"_jetpack_memberships_contains_paid_content":false,"footnotes":""},"categories":[5],"tags":[],"class_list":["post-41731","post","type-post","status-publish","format-standard","has-post-thumbnail","hentry","category-deportes"],"aioseo_notices":[],"gutentor_comment":0,"jetpack_featured_media_url":"https:\/\/eldiariodesanpedro.com.ar\/sitio\/wp-content\/uploads\/2018\/10\/Plantel-auriazul-\u00fanico-puntero-de-la-zona-B.jpg","jetpack_shortlink":"https:\/\/wp.me\/p6RhLt-aR5","jetpack_sharing_enabled":true,"_links":{"self":[{"href":"https:\/\/eldiariodesanpedro.com.ar\/sitio\/wp-json\/wp\/v2\/posts\/41731","targetHints":{"allow":["GET"]}}],"collection":[{"href":"https:\/\/eldiariodesanpedro.com.ar\/sitio\/wp-json\/wp\/v2\/posts"}],"about":[{"href":"https:\/\/eldiariodesanpedro.com.ar\/sitio\/wp-json\/wp\/v2\/types\/post"}],"author":[{"embeddable":true,"href":"https:\/\/eldiariodesanpedro.com.ar\/sitio\/wp-json\/wp\/v2\/users\/4"}],"replies":[{"embeddable":true,"href":"https:\/\/eldiariodesanpedro.com.ar\/sitio\/wp-json\/wp\/v2\/comments?post=41731"}],"version-history":[{"count":1,"href":"https:\/\/eldiariodesanpedro.com.ar\/sitio\/wp-json\/wp\/v2\/posts\/41731\/revisions"}],"predecessor-version":[{"id":41735,"href":"https:\/\/eldiariodesanpedro.com.ar\/sitio\/wp-json\/wp\/v2\/posts\/41731\/revisions\/41735"}],"wp:featuredmedia":[{"embeddable":true,"href":"https:\/\/eldiariodesanpedro.com.ar\/sitio\/wp-json\/wp\/v2\/media\/41732"}],"wp:attachment":[{"href":"https:\/\/eldiariodesanpedro.com.ar\/sitio\/wp-json\/wp\/v2\/media?parent=41731"}],"wp:term":[{"taxonomy":"category","embeddable":true,"href":"https:\/\/eldiariodesanpedro.com.ar\/sitio\/wp-json\/wp\/v2\/categories?post=41731"},{"taxonomy":"post_tag","embeddable":true,"href":"https:\/\/eldiariodesanpedro.com.ar\/sitio\/wp-json\/wp\/v2\/tags?post=41731"}],"curies":[{"name":"wp","href":"https:\/\/api.w.org\/{rel}","templated":true}]}}