{"id":41725,"date":"2018-10-11T20:28:29","date_gmt":"2018-10-11T23:28:29","guid":{"rendered":"https:\/\/eldiariodesanpedro.com.ar\/sitio\/?p=41725"},"modified":"2018-10-11T20:28:29","modified_gmt":"2018-10-11T23:28:29","slug":"san-nicolas-detuvieron-a-un-ladron-que-robo-100-000-de-una-finca-de-general-rojo","status":"publish","type":"post","link":"https:\/\/eldiariodesanpedro.com.ar\/sitio\/san-nicolas-detuvieron-a-un-ladron-que-robo-100-000-de-una-finca-de-general-rojo\/","title":{"rendered":"SAN NICOL\u00c1S: Detuvieron a un ladr\u00f3n que rob\u00f3 $100.000 de una finca de General Rojo"},"content":{"rendered":"<p><!-- VideographyWP Plugin Message: Automatic video embedding prevented by plugin options. --><br \/>\nLa UFI N\u00b0 3 junto a la polic\u00eda investigan un hecho de robo calificado ocurrido en la delegaci\u00f3n de General Rojo. Un sujeto ingres\u00f3 a una casa quinta, redujo al propietario y se llev\u00f3 $100.000 d\u00e1ndose a la fuga en un Audi A3.<\/p>\n<p>  La v\u00edctima, Julio C\u00e9sar \u00c1ngel, logr\u00f3 identificar al ladr\u00f3n a quien conoce por nombre y apellido. Tras la huida del delincuente, llam\u00f3 a la polic\u00eda quien se manera inmediata comenz\u00f3 la b\u00fasqueda logrando interceptarlo en jurisdicci\u00f3n de Comisar\u00eda Primera, en calle Soler y Jos\u00e9 Ingenieros.<br \/>\n  El sujeto de 24 a\u00f1os autor del hecho fue aprehendido. Se trata de Franco Moriconi y en su poder se secuestr\u00f3 s\u00f3lo $2600, tres celulares, una manopla. un mango de hacha, una mochila, dos pasamonta\u00f1as, un cartucho de escopeta, una billetera y un reloj Rolex.<br \/>\n  El hecho contin\u00faa siendo investigado. Se determin\u00f3 que ambos, la v\u00edctima y el ladr\u00f3n poseen antecedentes penales.<\/p>\n<p>Fuente: Diario El Norte<\/p>\n","protected":false},"excerpt":{"rendered":"<p>La UFI N\u00b0 3 junto a la polic\u00eda investigan un hecho de robo calificado ocurrido en la delegaci\u00f3n de General Rojo. Un sujeto ingres\u00f3 a una casa quinta, redujo al propietario y se llev\u00f3 $100.000 d\u00e1ndose a la fuga en un Audi A3. La v\u00edctima, Julio C\u00e9sar \u00c1ngel, logr\u00f3 identificar al ladr\u00f3n a quien conoce [&hellip;]<\/p>\n","protected":false},"author":4,"featured_media":41727,"comment_status":"open","ping_status":"closed","sticky":false,"template":"","format":"standard","meta":{"om_disable_all_campaigns":false,"_jetpack_memberships_contains_paid_content":false,"footnotes":""},"categories":[621],"tags":[],"class_list":["post-41725","post","type-post","status-publish","format-standard","has-post-thumbnail","hentry","category-regionales"],"aioseo_notices":[],"gutentor_comment":0,"jetpack_featured_media_url":"https:\/\/eldiariodesanpedro.com.ar\/sitio\/wp-content\/uploads\/2018\/10\/El-dinero-recuperado.jpg","jetpack_shortlink":"https:\/\/wp.me\/p6RhLt-aQZ","jetpack_sharing_enabled":true,"_links":{"self":[{"href":"https:\/\/eldiariodesanpedro.com.ar\/sitio\/wp-json\/wp\/v2\/posts\/41725","targetHints":{"allow":["GET"]}}],"collection":[{"href":"https:\/\/eldiariodesanpedro.com.ar\/sitio\/wp-json\/wp\/v2\/posts"}],"about":[{"href":"https:\/\/eldiariodesanpedro.com.ar\/sitio\/wp-json\/wp\/v2\/types\/post"}],"author":[{"embeddable":true,"href":"https:\/\/eldiariodesanpedro.com.ar\/sitio\/wp-json\/wp\/v2\/users\/4"}],"replies":[{"embeddable":true,"href":"https:\/\/eldiariodesanpedro.com.ar\/sitio\/wp-json\/wp\/v2\/comments?post=41725"}],"version-history":[{"count":1,"href":"https:\/\/eldiariodesanpedro.com.ar\/sitio\/wp-json\/wp\/v2\/posts\/41725\/revisions"}],"predecessor-version":[{"id":41728,"href":"https:\/\/eldiariodesanpedro.com.ar\/sitio\/wp-json\/wp\/v2\/posts\/41725\/revisions\/41728"}],"wp:featuredmedia":[{"embeddable":true,"href":"https:\/\/eldiariodesanpedro.com.ar\/sitio\/wp-json\/wp\/v2\/media\/41727"}],"wp:attachment":[{"href":"https:\/\/eldiariodesanpedro.com.ar\/sitio\/wp-json\/wp\/v2\/media?parent=41725"}],"wp:term":[{"taxonomy":"category","embeddable":true,"href":"https:\/\/eldiariodesanpedro.com.ar\/sitio\/wp-json\/wp\/v2\/categories?post=41725"},{"taxonomy":"post_tag","embeddable":true,"href":"https:\/\/eldiariodesanpedro.com.ar\/sitio\/wp-json\/wp\/v2\/tags?post=41725"}],"curies":[{"name":"wp","href":"https:\/\/api.w.org\/{rel}","templated":true}]}}