{"id":41719,"date":"2018-10-11T20:26:12","date_gmt":"2018-10-11T23:26:12","guid":{"rendered":"https:\/\/eldiariodesanpedro.com.ar\/sitio\/?p=41719"},"modified":"2018-10-11T20:26:12","modified_gmt":"2018-10-11T23:26:12","slug":"zarate-estudiantes-tecnicos-de-zarate-y-campana-construyen-la-primera-embarcacion-solar-que-operara-en-argentina","status":"publish","type":"post","link":"https:\/\/eldiariodesanpedro.com.ar\/sitio\/zarate-estudiantes-tecnicos-de-zarate-y-campana-construyen-la-primera-embarcacion-solar-que-operara-en-argentina\/","title":{"rendered":"Z\u00c1RATE: Estudiantes t\u00e9cnicos de Z\u00e1rate y Campana construyen la primera embarcaci\u00f3n solar que operar\u00e1 en Argentina"},"content":{"rendered":"<p><!-- VideographyWP Plugin Message: Automatic video embedding prevented by plugin options. --><br \/>\nEs en el marco del programa GEN T\u00e9cnico impulsado por Tenaris. Estudiantes de las escuelas t\u00e9cnicas N\u00ba4 de Z\u00e1rate y N\u00ba1 de Campana trabajan en el montaje de la embarcaci\u00f3n.<\/p>\n<p>  En paralelo, alumnos de la Escuela T\u00e9cnica Roberto Rocca y j\u00f3venes de Honrar la Vida construyen los muelles flotantes donde har\u00e1 escala. Tambi\u00e9n se sumaron al proyecto empresas y entidades estatales. Una vez en funcionamiento, el transporte ser\u00e1 administrado por la asociaci\u00f3n civil \u201cIsle\u00f1os Unidos\u201d.<br \/>\n  Tendr\u00e1 una dimensi\u00f3n de 8,38 metros de eslora, capacidad de hasta 15 pasajeros y se impulsar\u00e1 con energ\u00eda renovable. Recorrer\u00e1 el canal Alem desde su intersecci\u00f3n con el R\u00edo Carabelas hasta el Boat Club Campana.<br \/>\n  En el proyecto convergen el esfuerzo de empresas, estudiantes t\u00e9cnicos de tres escuelas distintas, entidades estatales y asociaciones de bien p\u00fablico.<br \/>\nSe trata de la primera embarcaci\u00f3n solar que operar\u00e1 en la Argentina, el gran objetivo de la edici\u00f3n 2018 del programa de fortalecimiento educativo GEN T\u00e9cnico promovido por Tenaris, que este a\u00f1o elev\u00f3 su propia vara e implica no solo un desaf\u00edo t\u00e9cnico m\u00e1s complejo, sino adem\u00e1s una coordinaci\u00f3n sin precedente de protagonistas.<br \/>\n  La meta del GEN T\u00e9cnico de este a\u00f1o excede el impacto educativo. Cuando est\u00e9 terminada, la embarcaci\u00f3n solar brindar\u00e1 una soluci\u00f3n eficiente al problema del transporte de los vecinos isle\u00f1os de y hacia el continente. Campanenses que requieren estrechar sus v\u00ednculos con el resto de la ciudad.<br \/>\n  \u201cBuscamos dar respuesta a una necesidad social mediante la ejecuci\u00f3n de un proyecto tecnol\u00f3gico junto a escuelas t\u00e9cnicas de la zona. Se trata de una innovaci\u00f3n que, adem\u00e1s de poner a prueba los conocimientos t\u00e9cnicos de los chicos, tendr\u00e1 un impacto real\u201d, se\u00f1al\u00f3 Luis Grieco, gerente de Relaciones con la Comunidad de Tenaris.<br \/>\n  La construcci\u00f3n de la embarcaci\u00f3n solar arranc\u00f3 a comienzos de septiembre en los talleres de TenarisSiderca. Acompa\u00f1ados por sus profesores y respetando todas las normas de seguridad, primero fueron los chicos de la Escuela T\u00e9cnica N\u00ba4 de Z\u00e1rate quienes pusieron manos a la obra, colocando los paneles solares y realizando trabajos de carpinter\u00eda para el interior de la embarcaci\u00f3n. Hoy los que tomaron la posta son estudiantes de la Escuela T\u00e9cnica N\u00ba1 de Campana: ya tienen un 80% de la instalaci\u00f3n el\u00e9ctrica hecha.<br \/>\n  \u201cEstamos orgullosos de poder participar porque el proyecto de este a\u00f1o tiene un fin social\u201d, asegur\u00f3 Enzo Priori, de la EST N\u00ba4, durante un alto en sus tareas. Por su parte, Nicole Salas, de la EST N\u00ba1, confes\u00f3 que le gustar\u00eda asomarse m\u00e1s all\u00e1 del dique seco del taller, cruzar el Paran\u00e1 de las Palmas y \u201cconocer la isla, charlar con su gente y ver c\u00f3mo es el d\u00eda en que empiecen a viajar en lancha\u201d.<br \/>\n  \u201cEsta embarcaci\u00f3n les dar\u00e1 a los vecinos isle\u00f1os previsibilidad y mejor acceso a salud, oportunidades laborales y educativas\u201d, se\u00f1al\u00f3 David Dondena, gerente de Servicios Industriales de Tenaris y uno de los principales impulsores de la iniciativa, quien adem\u00e1s resalt\u00f3 que \u201ccuando distintos actores se alinean detr\u00e1s de un mismo objetivo, autom\u00e1ticamente se forman redes de trabajo que demuestran que se pueden hacer grandes cosas con mucha voluntad\u201d.<\/p>\n<p><strong>Esfuerzos mancomunados<\/strong><br \/>\n  En su recorrido, la embarcaci\u00f3n solar atracar\u00e1 en 8 muelles flotantes distintos que ser\u00e1n ubicados en puntos estrat\u00e9gicos a lo largo del canal Alem. Estos muelles est\u00e1n siendo construidos en Honrar la Vida. Por su parte, estudiantes de la Escuela T\u00e9cnica Roberto Rocca ser\u00e1n los encargados de montar el sistema el\u00e9ctrico de estas estructuras, dot\u00e1ndolas de luces de seguridad y terminales USB para la carga de celulares. Todo alimentado v\u00eda paneles solares.<br \/>\n  Cuando el proyecto se present\u00f3 en la Agencia de Desarrollo Campana, otros actores de la comunidad quisieron sumarse. Honda Argentina don\u00f3 un motor de 90 caballos de fuerza que impulsar\u00e1 a la embarcaci\u00f3n en casos de emergencia. SPI Astilleros afront\u00f3 el costo de los paneles solares ya instalados en el techo de la lancha. Y Axion energy entregar\u00e1 materiales para la fabricaci\u00f3n de una planta potabilizadora de agua, cuyo montaje y colocaci\u00f3n en la isla estar\u00e1 a cargo de los mismos estudiantes de GEN T\u00e9cnico.<br \/>\n  Una vez en el agua, la embarcaci\u00f3n solar ser\u00e1 administrada por la asociaci\u00f3n civil \u201cIsle\u00f1os Unidos II\u201d. Para ello, Prefectura Naval Argentina capacitar\u00e1 a sus operadores y certificar\u00e1 al veh\u00edculo antes de su puesta en operaciones. En tanto, junto con el Municipio de Campana, se analiza la posibilidad de dotar a la embarcaci\u00f3n de un sistema de seguimiento satelital y videovigilancia a bordo.<br \/>\n  En Campana, la embarcaci\u00f3n amarrar\u00e1 en el Boat Club, donde se acondicionar\u00e1 una d\u00e1rsena especial. Por otro lado, el puerto flotante que le servir\u00e1 de base en las islas se construye en las instalaciones del Club N\u00e1utico Norte. Tambi\u00e9n colaboran con el proyecto Parques Nacionales e INTA, y las empresas Masterbus, Tada Servicios Industriales, Stegsa, Carsol, Biox y Astillero Roberto Storni.<br \/>\n  Las primeras pruebas de la embarcaci\u00f3n est\u00e1n planificadas para noviembre. A esa altura, contar\u00e1 con sus dos motores, equipos de comunicaci\u00f3n con tierra, sistemas de seguridad y emergencia y comodidades para sus pasajeros. Vecinos insulares que ya se sienten un poco m\u00e1s cerca de Campana.<\/p>\n<p>FUENTE: Info ZC<\/p>\n","protected":false},"excerpt":{"rendered":"<p>Es en el marco del programa GEN T\u00e9cnico impulsado por Tenaris. Estudiantes de las escuelas t\u00e9cnicas N\u00ba4 de Z\u00e1rate y N\u00ba1 de Campana trabajan en el montaje de la embarcaci\u00f3n. En paralelo, alumnos de la Escuela T\u00e9cnica Roberto Rocca y j\u00f3venes de Honrar la Vida construyen los muelles flotantes donde har\u00e1 escala. Tambi\u00e9n se sumaron [&hellip;]<\/p>\n","protected":false},"author":4,"featured_media":41721,"comment_status":"open","ping_status":"closed","sticky":false,"template":"","format":"standard","meta":{"om_disable_all_campaigns":false,"_jetpack_memberships_contains_paid_content":false,"footnotes":""},"categories":[621],"tags":[],"class_list":["post-41719","post","type-post","status-publish","format-standard","has-post-thumbnail","hentry","category-regionales"],"aioseo_notices":[],"gutentor_comment":0,"jetpack_featured_media_url":"https:\/\/eldiariodesanpedro.com.ar\/sitio\/wp-content\/uploads\/2018\/10\/Estudiantes-t\u00e9cnicos-de-Z\u00e1rate-y-Campana-construyen-la-primera-embarcaci\u00f3n-solar-que-operar\u00e1-en-Argentina.jpg","jetpack_shortlink":"https:\/\/wp.me\/p6RhLt-aQT","jetpack_sharing_enabled":true,"_links":{"self":[{"href":"https:\/\/eldiariodesanpedro.com.ar\/sitio\/wp-json\/wp\/v2\/posts\/41719","targetHints":{"allow":["GET"]}}],"collection":[{"href":"https:\/\/eldiariodesanpedro.com.ar\/sitio\/wp-json\/wp\/v2\/posts"}],"about":[{"href":"https:\/\/eldiariodesanpedro.com.ar\/sitio\/wp-json\/wp\/v2\/types\/post"}],"author":[{"embeddable":true,"href":"https:\/\/eldiariodesanpedro.com.ar\/sitio\/wp-json\/wp\/v2\/users\/4"}],"replies":[{"embeddable":true,"href":"https:\/\/eldiariodesanpedro.com.ar\/sitio\/wp-json\/wp\/v2\/comments?post=41719"}],"version-history":[{"count":1,"href":"https:\/\/eldiariodesanpedro.com.ar\/sitio\/wp-json\/wp\/v2\/posts\/41719\/revisions"}],"predecessor-version":[{"id":41724,"href":"https:\/\/eldiariodesanpedro.com.ar\/sitio\/wp-json\/wp\/v2\/posts\/41719\/revisions\/41724"}],"wp:featuredmedia":[{"embeddable":true,"href":"https:\/\/eldiariodesanpedro.com.ar\/sitio\/wp-json\/wp\/v2\/media\/41721"}],"wp:attachment":[{"href":"https:\/\/eldiariodesanpedro.com.ar\/sitio\/wp-json\/wp\/v2\/media?parent=41719"}],"wp:term":[{"taxonomy":"category","embeddable":true,"href":"https:\/\/eldiariodesanpedro.com.ar\/sitio\/wp-json\/wp\/v2\/categories?post=41719"},{"taxonomy":"post_tag","embeddable":true,"href":"https:\/\/eldiariodesanpedro.com.ar\/sitio\/wp-json\/wp\/v2\/tags?post=41719"}],"curies":[{"name":"wp","href":"https:\/\/api.w.org\/{rel}","templated":true}]}}