{"id":41718,"date":"2018-10-11T20:26:08","date_gmt":"2018-10-11T23:26:08","guid":{"rendered":"https:\/\/eldiariodesanpedro.com.ar\/sitio\/?p=41718"},"modified":"2018-10-11T20:26:08","modified_gmt":"2018-10-11T23:26:08","slug":"san-nicolas-se-realizo-la-tradicional-carrera-de-mozos-y-camareras","status":"publish","type":"post","link":"https:\/\/eldiariodesanpedro.com.ar\/sitio\/san-nicolas-se-realizo-la-tradicional-carrera-de-mozos-y-camareras\/","title":{"rendered":"SAN NICOL\u00c1S: Se realiz\u00f3 la tradicional carrera de mozos y camareras"},"content":{"rendered":"<p><!-- VideographyWP Plugin Message: Automatic video embedding prevented by plugin options. --><br \/>\nTambi\u00e9n hubo un espacio de pintura para ni\u00f1os. Ayer a las 16:00 en el Parque San Mart\u00edn, el Sindicato de Gastron\u00f3micos (Uni\u00f3n de Trabajadores del Turismo, Hoteleros y Gastron\u00f3micos de la Rep\u00fablica Argentina &#8211; UTHGRA) Seccional San Nicol\u00e1s \u2013cuya secretaria General es Sabrina D\u00edaz- llev\u00f3 a cabo la tradicional carrera de mozos y camareras. La actividad se realiz\u00f3 en 800 metros.<\/p>\n<p>  Los mozos y camareras, con la ropa de su lugar de trabajo, deb\u00edan llevar una bandeja con una botella de medio litro y dos vasos servidos, y llegar en condiciones. Los mozos ganadores fueron: Alejandro Cardozo de Sodexo (primer lugar), Gast\u00f3n Silpituca de La Mira (segundo lugar), Carlos Walter del Hotel Plaza (tercer lugar). De las camareras result\u00f3 primera Ang\u00e9lica Ferreyra del Restaurante Avenida, segunda Natali Ceballos del Hotel Colonial y tercera Nadia Carbonelli de La Mira.<br \/>\n  Para los ganadores, el premio fue la clasificaci\u00f3n para la carrera nacional el pr\u00f3ximo 20 en Capital Federal, y 3000 pesos para el primer lugar, dos mil para el segundo y mil para el tercero. Asimismo, en el marco de la propuesta \u201cPinto mi ciudad\u201d, se dispuso una \u00e1rea para que los ni\u00f1os hijos de afiliados, pinten algo referente a la ciudad. Los trabajos ganadores ser\u00e1n expuestos en la competencia nacional.<\/p>\n<p>Fuente: Diario El Norte<\/p>\n","protected":false},"excerpt":{"rendered":"<p>Tambi\u00e9n hubo un espacio de pintura para ni\u00f1os. Ayer a las 16:00 en el Parque San Mart\u00edn, el Sindicato de Gastron\u00f3micos (Uni\u00f3n de Trabajadores del Turismo, Hoteleros y Gastron\u00f3micos de la Rep\u00fablica Argentina &#8211; UTHGRA) Seccional San Nicol\u00e1s \u2013cuya secretaria General es Sabrina D\u00edaz- llev\u00f3 a cabo la tradicional carrera de mozos y camareras. La [&hellip;]<\/p>\n","protected":false},"author":4,"featured_media":41720,"comment_status":"open","ping_status":"closed","sticky":false,"template":"","format":"standard","meta":{"om_disable_all_campaigns":false,"_jetpack_memberships_contains_paid_content":false,"footnotes":""},"categories":[621],"tags":[],"class_list":["post-41718","post","type-post","status-publish","format-standard","has-post-thumbnail","hentry","category-regionales"],"aioseo_notices":[],"gutentor_comment":0,"jetpack_featured_media_url":"https:\/\/eldiariodesanpedro.com.ar\/sitio\/wp-content\/uploads\/2018\/10\/Se-realiz\u00f3-la-tradicional-carrera-de-mozos-y-camareras.jpg","jetpack_shortlink":"https:\/\/wp.me\/p6RhLt-aQS","jetpack_sharing_enabled":true,"_links":{"self":[{"href":"https:\/\/eldiariodesanpedro.com.ar\/sitio\/wp-json\/wp\/v2\/posts\/41718","targetHints":{"allow":["GET"]}}],"collection":[{"href":"https:\/\/eldiariodesanpedro.com.ar\/sitio\/wp-json\/wp\/v2\/posts"}],"about":[{"href":"https:\/\/eldiariodesanpedro.com.ar\/sitio\/wp-json\/wp\/v2\/types\/post"}],"author":[{"embeddable":true,"href":"https:\/\/eldiariodesanpedro.com.ar\/sitio\/wp-json\/wp\/v2\/users\/4"}],"replies":[{"embeddable":true,"href":"https:\/\/eldiariodesanpedro.com.ar\/sitio\/wp-json\/wp\/v2\/comments?post=41718"}],"version-history":[{"count":1,"href":"https:\/\/eldiariodesanpedro.com.ar\/sitio\/wp-json\/wp\/v2\/posts\/41718\/revisions"}],"predecessor-version":[{"id":41723,"href":"https:\/\/eldiariodesanpedro.com.ar\/sitio\/wp-json\/wp\/v2\/posts\/41718\/revisions\/41723"}],"wp:featuredmedia":[{"embeddable":true,"href":"https:\/\/eldiariodesanpedro.com.ar\/sitio\/wp-json\/wp\/v2\/media\/41720"}],"wp:attachment":[{"href":"https:\/\/eldiariodesanpedro.com.ar\/sitio\/wp-json\/wp\/v2\/media?parent=41718"}],"wp:term":[{"taxonomy":"category","embeddable":true,"href":"https:\/\/eldiariodesanpedro.com.ar\/sitio\/wp-json\/wp\/v2\/categories?post=41718"},{"taxonomy":"post_tag","embeddable":true,"href":"https:\/\/eldiariodesanpedro.com.ar\/sitio\/wp-json\/wp\/v2\/tags?post=41718"}],"curies":[{"name":"wp","href":"https:\/\/api.w.org\/{rel}","templated":true}]}}