{"id":41711,"date":"2018-10-11T19:44:09","date_gmt":"2018-10-11T22:44:09","guid":{"rendered":"https:\/\/eldiariodesanpedro.com.ar\/sitio\/?p=41711"},"modified":"2018-10-12T10:53:36","modified_gmt":"2018-10-12T13:53:36","slug":"rio-tala-la-ataco-el-perro-de-su-vecino-no-es-la-primera-vez-que-muerde-a-un-nino","status":"publish","type":"post","link":"https:\/\/eldiariodesanpedro.com.ar\/sitio\/rio-tala-la-ataco-el-perro-de-su-vecino-no-es-la-primera-vez-que-muerde-a-un-nino\/","title":{"rendered":"RIO TALA:  La ataco el perro de su vecino, no es la primera vez que muerde a un ni\u00f1o"},"content":{"rendered":"<p><!-- VideographyWP Plugin Message: Automatic video embedding prevented by plugin options. --><br \/>\nUma tiene un a\u00f1o y 5 meses,jugaba en la casa de su vecino y fue atacada por el perro. En la guardia del Hospital de Pediatr\u00eda, la atendi\u00f3 el cirujano y le hicieron cinco puntos en su rostro. El due\u00f1o del animal no se quiere hacer cargo de los medicamentos para la ni\u00f1a, ni del transporte para que siga su tratamiento en San Pedro.<\/p>\n<p>El hecho ocurri\u00f3 al mediod\u00eda de este mi\u00e9rcoles, cuando la ni\u00f1a de apenas 17 meses jugaba en la vereda de la casa de su vecino y fue atacada por un perro, de raza grande, y salvada por su abuela al escuchar los fuertes gritos de la ni\u00f1a.<\/p>\n<p>Para conocer mas detalles de esta situaci\u00f3n, visitamos a Uma y dialogamos en entrevista con su mam\u00e1 Bel\u00e9n quien nos contaba: \u00bb yo estaba cocinando y Uma estaba jugando como siempre en la vereda con la abuela que en un momento se fue para adentro y al minuto escucha los gritos de mi hija que se hab\u00eda cruzado para al lado. El perro de mi vecino la ataco y la salvo su abuela, que se la arranco de entre los dientes, no es la primera vez que muerde a una criatura, mi hija es la tercera\u00bb, ademas testimonios de familiares que se encontraban presentes en la entrevista confirmaron que el perro atac\u00f3 en otras oportunidades, tambi\u00e9n a ni\u00f1os. Incluso, entre las v\u00edctimas se encuentra un nieto del propio due\u00f1o.<\/p>\n<p>Uma fue llevada r\u00e1pidamente a la salita de esa localidad quienes la derivaron a la Guardia del Hospital de pediatr\u00eda; fue asistida por los m\u00e9dicos y el cirujano, porque tenia importantes lesiones en el rostro que como consecuencia tuvieron que saturarla. La beba tambi\u00e9n recibi\u00f3 la vacuna antitet\u00e1nica entre sus primeras curaciones.<\/p>\n<p>Con respecto al due\u00f1o del animal, Belen agrego: \u00abprimero nos dijo que se iba hacer cargo de los medicamentos, pero despu\u00e9s su se\u00f1ora nos dijo que no y escribieron cosas en el facebook, como que yo no la cuide a la nena y que ella se meti\u00f3 en la casa, mi hija jugaba siempre con sus hijos, y el perro no es la primera vez que mord\u00eda a alguien, anda suelto, tenemos miedo que agarre a otra criatura y pase a mayores, mi hija hoy se salvo de milagro\u00bb.<\/p>\n<p><img decoding=\"async\" data-attachment-id=\"41715\" data-permalink=\"https:\/\/eldiariodesanpedro.com.ar\/sitio\/rio-tala-la-ataco-el-perro-de-su-vecino-no-es-la-primera-vez-que-muerde-a-un-nino\/whatsapp-image-2018-10-11-at-18-52-10\/\" data-orig-file=\"https:\/\/eldiariodesanpedro.com.ar\/sitio\/wp-content\/uploads\/2018\/10\/WhatsApp-Image-2018-10-11-at-18.52.10.jpeg\" data-orig-size=\"971,971\" data-comments-opened=\"1\" data-image-meta=\"{&quot;aperture&quot;:&quot;0&quot;,&quot;credit&quot;:&quot;&quot;,&quot;camera&quot;:&quot;&quot;,&quot;caption&quot;:&quot;&quot;,&quot;created_timestamp&quot;:&quot;0&quot;,&quot;copyright&quot;:&quot;&quot;,&quot;focal_length&quot;:&quot;0&quot;,&quot;iso&quot;:&quot;0&quot;,&quot;shutter_speed&quot;:&quot;0&quot;,&quot;title&quot;:&quot;&quot;,&quot;orientation&quot;:&quot;0&quot;}\" data-image-title=\"WhatsApp Image 2018-10-11 at 18.52.10\" data-image-description=\"\" data-image-caption=\"\" data-large-file=\"https:\/\/eldiariodesanpedro.com.ar\/sitio\/wp-content\/uploads\/2018\/10\/WhatsApp-Image-2018-10-11-at-18.52.10.jpeg\" data-src=\"https:\/\/eldiariodesanpedro.com.ar\/sitio\/wp-content\/uploads\/2018\/10\/WhatsApp-Image-2018-10-11-at-18.52.10.jpeg\" alt=\"\" width=\"971\" height=\"971\" class=\"alignnone size-full wp-image-41715 lazyload\" data-srcset=\"https:\/\/eldiariodesanpedro.com.ar\/sitio\/wp-content\/uploads\/2018\/10\/WhatsApp-Image-2018-10-11-at-18.52.10.jpeg 971w, https:\/\/eldiariodesanpedro.com.ar\/sitio\/wp-content\/uploads\/2018\/10\/WhatsApp-Image-2018-10-11-at-18.52.10-150x150.jpeg 150w, https:\/\/eldiariodesanpedro.com.ar\/sitio\/wp-content\/uploads\/2018\/10\/WhatsApp-Image-2018-10-11-at-18.52.10-300x300.jpeg 300w, https:\/\/eldiariodesanpedro.com.ar\/sitio\/wp-content\/uploads\/2018\/10\/WhatsApp-Image-2018-10-11-at-18.52.10-768x768.jpeg 768w\" data-sizes=\"(max-width: 971px) 100vw, 971px\" src=\"data:image\/svg+xml;base64,PHN2ZyB3aWR0aD0iMSIgaGVpZ2h0PSIxIiB4bWxucz0iaHR0cDovL3d3dy53My5vcmcvMjAwMC9zdmciPjwvc3ZnPg==\" style=\"--smush-placeholder-width: 971px; --smush-placeholder-aspect-ratio: 971\/971;\" \/><\/p>\n<p>La familia de Uma intenta obtener respuestas a su pedido para que el perro no permanezca en ese lugar, debido al riesgo de que pueda repetirse el episodio.<\/p>\n<p>Al finalizar la entrevista, el joven Mauricio Fern\u00e1ndez, del partido Compromiso Federal, que tiene como referente a Alberto Rodr\u00edguez Sa\u00e1, Gobernador de San Luis, se comprometi\u00f3 a realizar todos los viajes que necesite Uma, para seguir su tratamiento en San Pedro por un mes. Todo aquel que quiera colaborar con la ni\u00f1a y su mam\u00e1 puede comunicarse a trav\u00e9s de este medio.<\/p>\n<p>(foto) La denuncia que realizo la familia poco despu\u00e9s de lo ocurrido:<\/p>\n<p><img decoding=\"async\" data-attachment-id=\"41714\" data-permalink=\"https:\/\/eldiariodesanpedro.com.ar\/sitio\/rio-tala-la-ataco-el-perro-de-su-vecino-no-es-la-primera-vez-que-muerde-a-un-nino\/whatsapp-image-2018-10-11-at-18-49-10\/\" data-orig-file=\"https:\/\/eldiariodesanpedro.com.ar\/sitio\/wp-content\/uploads\/2018\/10\/WhatsApp-Image-2018-10-11-at-18.49.10.jpeg\" data-orig-size=\"720,1280\" data-comments-opened=\"1\" data-image-meta=\"{&quot;aperture&quot;:&quot;0&quot;,&quot;credit&quot;:&quot;&quot;,&quot;camera&quot;:&quot;&quot;,&quot;caption&quot;:&quot;&quot;,&quot;created_timestamp&quot;:&quot;0&quot;,&quot;copyright&quot;:&quot;&quot;,&quot;focal_length&quot;:&quot;0&quot;,&quot;iso&quot;:&quot;0&quot;,&quot;shutter_speed&quot;:&quot;0&quot;,&quot;title&quot;:&quot;&quot;,&quot;orientation&quot;:&quot;0&quot;}\" data-image-title=\"WhatsApp Image 2018-10-11 at 18.49.10\" data-image-description=\"\" data-image-caption=\"\" data-large-file=\"https:\/\/eldiariodesanpedro.com.ar\/sitio\/wp-content\/uploads\/2018\/10\/WhatsApp-Image-2018-10-11-at-18.49.10-576x1024.jpeg\" data-src=\"https:\/\/eldiariodesanpedro.com.ar\/sitio\/wp-content\/uploads\/2018\/10\/WhatsApp-Image-2018-10-11-at-18.49.10-576x1024.jpeg\" alt=\"\" width=\"576\" height=\"1024\" class=\"alignnone size-large wp-image-41714 lazyload\" data-srcset=\"https:\/\/eldiariodesanpedro.com.ar\/sitio\/wp-content\/uploads\/2018\/10\/WhatsApp-Image-2018-10-11-at-18.49.10-576x1024.jpeg 576w, https:\/\/eldiariodesanpedro.com.ar\/sitio\/wp-content\/uploads\/2018\/10\/WhatsApp-Image-2018-10-11-at-18.49.10-169x300.jpeg 169w, https:\/\/eldiariodesanpedro.com.ar\/sitio\/wp-content\/uploads\/2018\/10\/WhatsApp-Image-2018-10-11-at-18.49.10.jpeg 720w\" data-sizes=\"(max-width: 576px) 100vw, 576px\" src=\"data:image\/svg+xml;base64,PHN2ZyB3aWR0aD0iMSIgaGVpZ2h0PSIxIiB4bWxucz0iaHR0cDovL3d3dy53My5vcmcvMjAwMC9zdmciPjwvc3ZnPg==\" style=\"--smush-placeholder-width: 576px; --smush-placeholder-aspect-ratio: 576\/1024;\" \/><\/p>\n<p><img decoding=\"async\" data-attachment-id=\"41713\" data-permalink=\"https:\/\/eldiariodesanpedro.com.ar\/sitio\/rio-tala-la-ataco-el-perro-de-su-vecino-no-es-la-primera-vez-que-muerde-a-un-nino\/whatsapp-image-2018-10-11-at-18-49-10-1\/\" data-orig-file=\"https:\/\/eldiariodesanpedro.com.ar\/sitio\/wp-content\/uploads\/2018\/10\/WhatsApp-Image-2018-10-11-at-18.49.10-1.jpeg\" data-orig-size=\"720,1280\" data-comments-opened=\"1\" data-image-meta=\"{&quot;aperture&quot;:&quot;0&quot;,&quot;credit&quot;:&quot;&quot;,&quot;camera&quot;:&quot;&quot;,&quot;caption&quot;:&quot;&quot;,&quot;created_timestamp&quot;:&quot;0&quot;,&quot;copyright&quot;:&quot;&quot;,&quot;focal_length&quot;:&quot;0&quot;,&quot;iso&quot;:&quot;0&quot;,&quot;shutter_speed&quot;:&quot;0&quot;,&quot;title&quot;:&quot;&quot;,&quot;orientation&quot;:&quot;0&quot;}\" data-image-title=\"WhatsApp Image 2018-10-11 at 18.49.10 (1)\" data-image-description=\"\" data-image-caption=\"\" data-large-file=\"https:\/\/eldiariodesanpedro.com.ar\/sitio\/wp-content\/uploads\/2018\/10\/WhatsApp-Image-2018-10-11-at-18.49.10-1-576x1024.jpeg\" data-src=\"https:\/\/eldiariodesanpedro.com.ar\/sitio\/wp-content\/uploads\/2018\/10\/WhatsApp-Image-2018-10-11-at-18.49.10-1-576x1024.jpeg\" alt=\"\" width=\"576\" height=\"1024\" class=\"alignnone size-large wp-image-41713 lazyload\" data-srcset=\"https:\/\/eldiariodesanpedro.com.ar\/sitio\/wp-content\/uploads\/2018\/10\/WhatsApp-Image-2018-10-11-at-18.49.10-1-576x1024.jpeg 576w, https:\/\/eldiariodesanpedro.com.ar\/sitio\/wp-content\/uploads\/2018\/10\/WhatsApp-Image-2018-10-11-at-18.49.10-1-169x300.jpeg 169w, https:\/\/eldiariodesanpedro.com.ar\/sitio\/wp-content\/uploads\/2018\/10\/WhatsApp-Image-2018-10-11-at-18.49.10-1.jpeg 720w\" data-sizes=\"(max-width: 576px) 100vw, 576px\" src=\"data:image\/svg+xml;base64,PHN2ZyB3aWR0aD0iMSIgaGVpZ2h0PSIxIiB4bWxucz0iaHR0cDovL3d3dy53My5vcmcvMjAwMC9zdmciPjwvc3ZnPg==\" style=\"--smush-placeholder-width: 576px; --smush-placeholder-aspect-ratio: 576\/1024;\" \/><\/p>\n","protected":false},"excerpt":{"rendered":"<p>Uma tiene un a\u00f1o y 5 meses,jugaba en la casa de su vecino y fue atacada por el perro. En la guardia del Hospital de Pediatr\u00eda, la atendi\u00f3 el cirujano y le hicieron cinco puntos en su rostro. El due\u00f1o del animal no se quiere hacer cargo de los medicamentos para la ni\u00f1a, ni del [&hellip;]<\/p>\n","protected":false},"author":4,"featured_media":41715,"comment_status":"open","ping_status":"closed","sticky":false,"template":"","format":"standard","meta":{"om_disable_all_campaigns":false,"_jetpack_memberships_contains_paid_content":false,"footnotes":""},"categories":[50,2,103],"tags":[],"class_list":["post-41711","post","type-post","status-publish","format-standard","has-post-thumbnail","hentry","category-destacadas","category-locales","category-policiales-locales"],"aioseo_notices":[],"gutentor_comment":0,"jetpack_featured_media_url":"https:\/\/eldiariodesanpedro.com.ar\/sitio\/wp-content\/uploads\/2018\/10\/WhatsApp-Image-2018-10-11-at-18.52.10.jpeg","jetpack_shortlink":"https:\/\/wp.me\/p6RhLt-aQL","jetpack_sharing_enabled":true,"_links":{"self":[{"href":"https:\/\/eldiariodesanpedro.com.ar\/sitio\/wp-json\/wp\/v2\/posts\/41711","targetHints":{"allow":["GET"]}}],"collection":[{"href":"https:\/\/eldiariodesanpedro.com.ar\/sitio\/wp-json\/wp\/v2\/posts"}],"about":[{"href":"https:\/\/eldiariodesanpedro.com.ar\/sitio\/wp-json\/wp\/v2\/types\/post"}],"author":[{"embeddable":true,"href":"https:\/\/eldiariodesanpedro.com.ar\/sitio\/wp-json\/wp\/v2\/users\/4"}],"replies":[{"embeddable":true,"href":"https:\/\/eldiariodesanpedro.com.ar\/sitio\/wp-json\/wp\/v2\/comments?post=41711"}],"version-history":[{"count":3,"href":"https:\/\/eldiariodesanpedro.com.ar\/sitio\/wp-json\/wp\/v2\/posts\/41711\/revisions"}],"predecessor-version":[{"id":41761,"href":"https:\/\/eldiariodesanpedro.com.ar\/sitio\/wp-json\/wp\/v2\/posts\/41711\/revisions\/41761"}],"wp:featuredmedia":[{"embeddable":true,"href":"https:\/\/eldiariodesanpedro.com.ar\/sitio\/wp-json\/wp\/v2\/media\/41715"}],"wp:attachment":[{"href":"https:\/\/eldiariodesanpedro.com.ar\/sitio\/wp-json\/wp\/v2\/media?parent=41711"}],"wp:term":[{"taxonomy":"category","embeddable":true,"href":"https:\/\/eldiariodesanpedro.com.ar\/sitio\/wp-json\/wp\/v2\/categories?post=41711"},{"taxonomy":"post_tag","embeddable":true,"href":"https:\/\/eldiariodesanpedro.com.ar\/sitio\/wp-json\/wp\/v2\/tags?post=41711"}],"curies":[{"name":"wp","href":"https:\/\/api.w.org\/{rel}","templated":true}]}}