{"id":41710,"date":"2018-10-11T21:26:48","date_gmt":"2018-10-12T00:26:48","guid":{"rendered":"https:\/\/eldiariodesanpedro.com.ar\/sitio\/?p=41710"},"modified":"2018-10-11T21:26:48","modified_gmt":"2018-10-12T00:26:48","slug":"el-titular-de-coplac-reitero-el-cierre-definitivo-y-comprometio-el-cumplimiento-de-las-indemnizaciones","status":"publish","type":"post","link":"https:\/\/eldiariodesanpedro.com.ar\/sitio\/el-titular-de-coplac-reitero-el-cierre-definitivo-y-comprometio-el-cumplimiento-de-las-indemnizaciones\/","title":{"rendered":"El titular de COPLAC reiter\u00f3 el cierre definitivo y comprometi\u00f3 el cumplimiento de las indemnizaciones"},"content":{"rendered":"<p><!-- VideographyWP Plugin Message: Automatic video embedding prevented by plugin options. --><br \/>\nTal como fue informado en la jornada de ayer el Intendente Cecilio Salazar env\u00edo un correo electr\u00f3nico al titular de la empresa COPLAC residente en San Pablo, expresando su voluntad de viajar hasta all\u00ed si fuera necesario, para intentar revertir la decisi\u00f3n del cierre definitivo de la industria que ha dejado sin trabajo a m\u00e1s de 60 personas. <\/p>\n<p>La respuesta del empresario ratific\u00f3 la posici\u00f3n, m\u00e1s all\u00e1 de reconocer el gesto del Intendente y volvi\u00f3 a enumerar algunas razones internas con respecto al v\u00ednculo con los gremios que lo llevaron a esta determinaci\u00f3n. <\/p>\n<p>Con esta respuesta, el Intendente Salazar le solicit\u00f3 al empresario la activar de manera urgente los procedimientos administrativos correspondientes para que los trabajadores perciban la indemnizaci\u00f3n legal que les corresponde ante un despido sin causa. La \u00faltima respuesta recibida esta tarde de parte del empresario indica que ha instruido su abogado el Dr. Sergio Villarruel, para que responda conforme lo dispone la legislaci\u00f3n laboral en la Rep\u00fablica Argentina.<\/p>\n","protected":false},"excerpt":{"rendered":"<p>Tal como fue informado en la jornada de ayer el Intendente Cecilio Salazar env\u00edo un correo electr\u00f3nico al titular de la empresa COPLAC residente en San Pablo, expresando su voluntad de viajar hasta all\u00ed si fuera necesario, para intentar revertir la decisi\u00f3n del cierre definitivo de la industria que ha dejado sin trabajo a m\u00e1s [&hellip;]<\/p>\n","protected":false},"author":4,"featured_media":41712,"comment_status":"open","ping_status":"closed","sticky":false,"template":"","format":"standard","meta":{"om_disable_all_campaigns":false,"_jetpack_memberships_contains_paid_content":false,"footnotes":""},"categories":[50,101,2],"tags":[],"class_list":["post-41710","post","type-post","status-publish","format-standard","has-post-thumbnail","hentry","category-destacadas","category-interes-general-locales","category-locales"],"aioseo_notices":[],"gutentor_comment":0,"jetpack_featured_media_url":"https:\/\/eldiariodesanpedro.com.ar\/sitio\/wp-content\/uploads\/2018\/10\/salazar-coplac.jpg","jetpack_shortlink":"https:\/\/wp.me\/p6RhLt-aQK","jetpack_sharing_enabled":true,"_links":{"self":[{"href":"https:\/\/eldiariodesanpedro.com.ar\/sitio\/wp-json\/wp\/v2\/posts\/41710","targetHints":{"allow":["GET"]}}],"collection":[{"href":"https:\/\/eldiariodesanpedro.com.ar\/sitio\/wp-json\/wp\/v2\/posts"}],"about":[{"href":"https:\/\/eldiariodesanpedro.com.ar\/sitio\/wp-json\/wp\/v2\/types\/post"}],"author":[{"embeddable":true,"href":"https:\/\/eldiariodesanpedro.com.ar\/sitio\/wp-json\/wp\/v2\/users\/4"}],"replies":[{"embeddable":true,"href":"https:\/\/eldiariodesanpedro.com.ar\/sitio\/wp-json\/wp\/v2\/comments?post=41710"}],"version-history":[{"count":1,"href":"https:\/\/eldiariodesanpedro.com.ar\/sitio\/wp-json\/wp\/v2\/posts\/41710\/revisions"}],"predecessor-version":[{"id":41739,"href":"https:\/\/eldiariodesanpedro.com.ar\/sitio\/wp-json\/wp\/v2\/posts\/41710\/revisions\/41739"}],"wp:featuredmedia":[{"embeddable":true,"href":"https:\/\/eldiariodesanpedro.com.ar\/sitio\/wp-json\/wp\/v2\/media\/41712"}],"wp:attachment":[{"href":"https:\/\/eldiariodesanpedro.com.ar\/sitio\/wp-json\/wp\/v2\/media?parent=41710"}],"wp:term":[{"taxonomy":"category","embeddable":true,"href":"https:\/\/eldiariodesanpedro.com.ar\/sitio\/wp-json\/wp\/v2\/categories?post=41710"},{"taxonomy":"post_tag","embeddable":true,"href":"https:\/\/eldiariodesanpedro.com.ar\/sitio\/wp-json\/wp\/v2\/tags?post=41710"}],"curies":[{"name":"wp","href":"https:\/\/api.w.org\/{rel}","templated":true}]}}