{"id":41707,"date":"2018-10-11T18:41:30","date_gmt":"2018-10-11T21:41:30","guid":{"rendered":"https:\/\/eldiariodesanpedro.com.ar\/sitio\/?p=41707"},"modified":"2018-10-11T18:41:30","modified_gmt":"2018-10-11T21:41:30","slug":"nueva-edicion-del-laboratorio-pymex","status":"publish","type":"post","link":"https:\/\/eldiariodesanpedro.com.ar\/sitio\/nueva-edicion-del-laboratorio-pymex\/","title":{"rendered":"Nueva edici\u00f3n del Laboratorio PyMEX"},"content":{"rendered":"<p><!-- VideographyWP Plugin Message: Automatic video embedding prevented by plugin options. --><br \/>\nUna nueva escala de las propuestas que comparte en diferentes ciudades de la Provincia de Buenos Aires la Agencia de Promoci\u00f3n de Inversiones y Comercio Exterior, se concret\u00f3 este jueves 11 de octubre en San Pedro, organizada por las \u00e1reas de desarrollo de las municipalidades de San Pedro y San Nicol\u00e1s, con el apoyo de la Agencia Argentina de Inversiones y Comercio Internacional (AAICI) y en este caso el Centro de Comercio, Industria y Turismo. <\/p>\n<p>Esta edici\u00f3n del Laboratorio PyMEX plante\u00f3 diferentes paneles sobre \u00abEstrategias de dise\u00f1o e imagen para exportar\u00bb con \u00abNormas de certificaci\u00f3n y su impacto en el comercio internacional\u00bb.<\/p>\n<p>En el Sal\u00f3n de los Espejos del Centro de Comercio, el Subsecretario de Desarrollo Econ\u00f3mico de la Municipalidad de San Pedro, Alfredo Camilletti di\u00f3 la bienvenida junto N\u00e9stor Casal en nombre de la C\u00e1mara de Comercio Exterior de la entidad.<\/p>\n<p>Las charlas ofrecidas fueron, \u00abEstrategias de dise\u00f1o e imagen para exportar\u00bb a cargo del Dr. en Comunicaci\u00f3n Visual Sergio Guerrini y \u201cNormas privadas de certificaci\u00f3n y su impacto en el comercio internacional\u00bb a cargo del Ingeniero Mariano Salerno. <\/p>\n<p>Empresarios, funcionarios, productores, comerciantes y empleados de diferentes empresas de la regi\u00f3n asistieron a este encuentro que como los anteriores generaron un intercambio sumamente enriquecedor.<\/p>\n","protected":false},"excerpt":{"rendered":"<p>Una nueva escala de las propuestas que comparte en diferentes ciudades de la Provincia de Buenos Aires la Agencia de Promoci\u00f3n de Inversiones y Comercio Exterior, se concret\u00f3 este jueves 11 de octubre en San Pedro, organizada por las \u00e1reas de desarrollo de las municipalidades de San Pedro y San Nicol\u00e1s, con el apoyo de [&hellip;]<\/p>\n","protected":false},"author":4,"featured_media":41708,"comment_status":"open","ping_status":"closed","sticky":false,"template":"","format":"standard","meta":{"om_disable_all_campaigns":false,"_jetpack_memberships_contains_paid_content":false,"footnotes":""},"categories":[101,2],"tags":[],"class_list":["post-41707","post","type-post","status-publish","format-standard","has-post-thumbnail","hentry","category-interes-general-locales","category-locales"],"aioseo_notices":[],"gutentor_comment":0,"jetpack_featured_media_url":"https:\/\/eldiariodesanpedro.com.ar\/sitio\/wp-content\/uploads\/2018\/10\/pastedImage-3-1.png","jetpack_shortlink":"https:\/\/wp.me\/p6RhLt-aQH","jetpack_sharing_enabled":true,"_links":{"self":[{"href":"https:\/\/eldiariodesanpedro.com.ar\/sitio\/wp-json\/wp\/v2\/posts\/41707","targetHints":{"allow":["GET"]}}],"collection":[{"href":"https:\/\/eldiariodesanpedro.com.ar\/sitio\/wp-json\/wp\/v2\/posts"}],"about":[{"href":"https:\/\/eldiariodesanpedro.com.ar\/sitio\/wp-json\/wp\/v2\/types\/post"}],"author":[{"embeddable":true,"href":"https:\/\/eldiariodesanpedro.com.ar\/sitio\/wp-json\/wp\/v2\/users\/4"}],"replies":[{"embeddable":true,"href":"https:\/\/eldiariodesanpedro.com.ar\/sitio\/wp-json\/wp\/v2\/comments?post=41707"}],"version-history":[{"count":1,"href":"https:\/\/eldiariodesanpedro.com.ar\/sitio\/wp-json\/wp\/v2\/posts\/41707\/revisions"}],"predecessor-version":[{"id":41709,"href":"https:\/\/eldiariodesanpedro.com.ar\/sitio\/wp-json\/wp\/v2\/posts\/41707\/revisions\/41709"}],"wp:featuredmedia":[{"embeddable":true,"href":"https:\/\/eldiariodesanpedro.com.ar\/sitio\/wp-json\/wp\/v2\/media\/41708"}],"wp:attachment":[{"href":"https:\/\/eldiariodesanpedro.com.ar\/sitio\/wp-json\/wp\/v2\/media?parent=41707"}],"wp:term":[{"taxonomy":"category","embeddable":true,"href":"https:\/\/eldiariodesanpedro.com.ar\/sitio\/wp-json\/wp\/v2\/categories?post=41707"},{"taxonomy":"post_tag","embeddable":true,"href":"https:\/\/eldiariodesanpedro.com.ar\/sitio\/wp-json\/wp\/v2\/tags?post=41707"}],"curies":[{"name":"wp","href":"https:\/\/api.w.org\/{rel}","templated":true}]}}