{"id":41704,"date":"2018-10-11T17:35:36","date_gmt":"2018-10-11T20:35:36","guid":{"rendered":"https:\/\/eldiariodesanpedro.com.ar\/sitio\/?p=41704"},"modified":"2018-10-11T17:35:36","modified_gmt":"2018-10-11T20:35:36","slug":"un-menor-de-edad-aprehendido-con-elementos-robados-y-marihuana","status":"publish","type":"post","link":"https:\/\/eldiariodesanpedro.com.ar\/sitio\/un-menor-de-edad-aprehendido-con-elementos-robados-y-marihuana\/","title":{"rendered":"Un menor de edad aprehendido con elementos robados y marihuana"},"content":{"rendered":"<p><!-- VideographyWP Plugin Message: Automatic video embedding prevented by plugin options. --><br \/>\nEl Personal del Gabinete Criminoloigico de la comisaria, promediando las 11 horas en ls vis publica en calle Javier Rivero al 1800, aprehendi\u00f3 a un joven de 15 a\u00f1os, secuetsrandosele su poder baguyo marihuana, y mercader\u00edas varias de las que se trata de establecer su procedencia o posible damnificado de un robo. <\/p>\n<p>Interviene ene sta ocacion la UFI juvenial de San Nicolas quien tomo los recaudos legales pertienentes.<\/p>\n","protected":false},"excerpt":{"rendered":"<p>El Personal del Gabinete Criminoloigico de la comisaria, promediando las 11 horas en ls vis publica en calle Javier Rivero al 1800, aprehendi\u00f3 a un joven de 15 a\u00f1os, secuetsrandosele su poder baguyo marihuana, y mercader\u00edas varias de las que se trata de establecer su procedencia o posible damnificado de un robo. Interviene ene sta [&hellip;]<\/p>\n","protected":false},"author":4,"featured_media":41705,"comment_status":"open","ping_status":"closed","sticky":false,"template":"","format":"standard","meta":{"om_disable_all_campaigns":false,"_jetpack_memberships_contains_paid_content":false,"footnotes":""},"categories":[2,103],"tags":[],"class_list":["post-41704","post","type-post","status-publish","format-standard","has-post-thumbnail","hentry","category-locales","category-policiales-locales"],"aioseo_notices":[],"gutentor_comment":0,"jetpack_featured_media_url":"https:\/\/eldiariodesanpedro.com.ar\/sitio\/wp-content\/uploads\/2018\/10\/WhatsApp-Image-2018-10-11-at-12.30.30.jpeg","jetpack_shortlink":"https:\/\/wp.me\/p6RhLt-aQE","jetpack_sharing_enabled":true,"_links":{"self":[{"href":"https:\/\/eldiariodesanpedro.com.ar\/sitio\/wp-json\/wp\/v2\/posts\/41704","targetHints":{"allow":["GET"]}}],"collection":[{"href":"https:\/\/eldiariodesanpedro.com.ar\/sitio\/wp-json\/wp\/v2\/posts"}],"about":[{"href":"https:\/\/eldiariodesanpedro.com.ar\/sitio\/wp-json\/wp\/v2\/types\/post"}],"author":[{"embeddable":true,"href":"https:\/\/eldiariodesanpedro.com.ar\/sitio\/wp-json\/wp\/v2\/users\/4"}],"replies":[{"embeddable":true,"href":"https:\/\/eldiariodesanpedro.com.ar\/sitio\/wp-json\/wp\/v2\/comments?post=41704"}],"version-history":[{"count":1,"href":"https:\/\/eldiariodesanpedro.com.ar\/sitio\/wp-json\/wp\/v2\/posts\/41704\/revisions"}],"predecessor-version":[{"id":41706,"href":"https:\/\/eldiariodesanpedro.com.ar\/sitio\/wp-json\/wp\/v2\/posts\/41704\/revisions\/41706"}],"wp:featuredmedia":[{"embeddable":true,"href":"https:\/\/eldiariodesanpedro.com.ar\/sitio\/wp-json\/wp\/v2\/media\/41705"}],"wp:attachment":[{"href":"https:\/\/eldiariodesanpedro.com.ar\/sitio\/wp-json\/wp\/v2\/media?parent=41704"}],"wp:term":[{"taxonomy":"category","embeddable":true,"href":"https:\/\/eldiariodesanpedro.com.ar\/sitio\/wp-json\/wp\/v2\/categories?post=41704"},{"taxonomy":"post_tag","embeddable":true,"href":"https:\/\/eldiariodesanpedro.com.ar\/sitio\/wp-json\/wp\/v2\/tags?post=41704"}],"curies":[{"name":"wp","href":"https:\/\/api.w.org\/{rel}","templated":true}]}}