{"id":41702,"date":"2018-10-11T17:10:23","date_gmt":"2018-10-11T20:10:23","guid":{"rendered":"https:\/\/eldiariodesanpedro.com.ar\/sitio\/?p=41702"},"modified":"2018-10-11T17:10:23","modified_gmt":"2018-10-11T20:10:23","slug":"se-detuvo-a-un-peligroso-delicuente-por-intento-de-asesinato","status":"publish","type":"post","link":"https:\/\/eldiariodesanpedro.com.ar\/sitio\/se-detuvo-a-un-peligroso-delicuente-por-intento-de-asesinato\/","title":{"rendered":"Se detuvo a un peligroso delicuente por intento de asesinato"},"content":{"rendered":"<p><!-- VideographyWP Plugin Message: Automatic video embedding prevented by plugin options. --><br \/>\nPromeiando el mediod\u00eda del pasado miercoles el personal del Destacamento La Tosquera, tras infinitas tareas investigativas, dato recabados, logro detener en ese Paraje en la via publica, a un sujeto de 24 a\u00f1os de edad que estaba progfugo de la justicia y sobre quien pesaba orden detenci\u00f3n por captura judicial delitos enunciado en el mrco de Caua Judicial que investiga la fiscal\u00eda nro. 1 local a cargo dela Dra Viviana Ramos y Juzgado de garant\u00edas de san nicolas. <\/p>\n<p>El hecho ocurri\u00f3 en la madrugada del 07 de junio del corriente a\u00f1os, cuando delincuentes fueron a robar a mano armada a un comercio de la tosquera, y personal policial alertado acudi\u00f3 al evento, y para fugar los cacos utilizron disparos de armas de fuego contra la humanidad de los dos polic\u00edas de San Pedro, hiriendo a uno de ellos y asi lograr huir. El policia tras rcuperrse de sus lesiones se encuentra nuevamente en servicio. En primera instancia la fiscal\u00eda instruyo las actuaciones con una fuerza de seguridad nacional, para lograr la transparencia del hecho. El detenido permanece en la comisaria local.<\/p>\n","protected":false},"excerpt":{"rendered":"<p>Promeiando el mediod\u00eda del pasado miercoles el personal del Destacamento La Tosquera, tras infinitas tareas investigativas, dato recabados, logro detener en ese Paraje en la via publica, a un sujeto de 24 a\u00f1os de edad que estaba progfugo de la justicia y sobre quien pesaba orden detenci\u00f3n por captura judicial delitos enunciado en el mrco [&hellip;]<\/p>\n","protected":false},"author":4,"featured_media":31829,"comment_status":"open","ping_status":"closed","sticky":false,"template":"","format":"standard","meta":{"om_disable_all_campaigns":false,"_jetpack_memberships_contains_paid_content":false,"footnotes":""},"categories":[2,103],"tags":[],"class_list":["post-41702","post","type-post","status-publish","format-standard","has-post-thumbnail","hentry","category-locales","category-policiales-locales"],"aioseo_notices":[],"gutentor_comment":0,"jetpack_featured_media_url":"https:\/\/eldiariodesanpedro.com.ar\/sitio\/wp-content\/uploads\/2018\/04\/detenido_658x400_0.jpg","jetpack_shortlink":"https:\/\/wp.me\/p6RhLt-aQC","jetpack_sharing_enabled":true,"_links":{"self":[{"href":"https:\/\/eldiariodesanpedro.com.ar\/sitio\/wp-json\/wp\/v2\/posts\/41702","targetHints":{"allow":["GET"]}}],"collection":[{"href":"https:\/\/eldiariodesanpedro.com.ar\/sitio\/wp-json\/wp\/v2\/posts"}],"about":[{"href":"https:\/\/eldiariodesanpedro.com.ar\/sitio\/wp-json\/wp\/v2\/types\/post"}],"author":[{"embeddable":true,"href":"https:\/\/eldiariodesanpedro.com.ar\/sitio\/wp-json\/wp\/v2\/users\/4"}],"replies":[{"embeddable":true,"href":"https:\/\/eldiariodesanpedro.com.ar\/sitio\/wp-json\/wp\/v2\/comments?post=41702"}],"version-history":[{"count":1,"href":"https:\/\/eldiariodesanpedro.com.ar\/sitio\/wp-json\/wp\/v2\/posts\/41702\/revisions"}],"predecessor-version":[{"id":41703,"href":"https:\/\/eldiariodesanpedro.com.ar\/sitio\/wp-json\/wp\/v2\/posts\/41702\/revisions\/41703"}],"wp:featuredmedia":[{"embeddable":true,"href":"https:\/\/eldiariodesanpedro.com.ar\/sitio\/wp-json\/wp\/v2\/media\/31829"}],"wp:attachment":[{"href":"https:\/\/eldiariodesanpedro.com.ar\/sitio\/wp-json\/wp\/v2\/media?parent=41702"}],"wp:term":[{"taxonomy":"category","embeddable":true,"href":"https:\/\/eldiariodesanpedro.com.ar\/sitio\/wp-json\/wp\/v2\/categories?post=41702"},{"taxonomy":"post_tag","embeddable":true,"href":"https:\/\/eldiariodesanpedro.com.ar\/sitio\/wp-json\/wp\/v2\/tags?post=41702"}],"curies":[{"name":"wp","href":"https:\/\/api.w.org\/{rel}","templated":true}]}}