{"id":41700,"date":"2018-10-11T17:07:24","date_gmt":"2018-10-11T20:07:24","guid":{"rendered":"https:\/\/eldiariodesanpedro.com.ar\/sitio\/?p=41700"},"modified":"2018-10-11T17:07:24","modified_gmt":"2018-10-11T20:07:24","slug":"tres-motocicletas-robadas-recuperadas-una-de-ellas-dias-atras","status":"publish","type":"post","link":"https:\/\/eldiariodesanpedro.com.ar\/sitio\/tres-motocicletas-robadas-recuperadas-una-de-ellas-dias-atras\/","title":{"rendered":"Tres motocicletas robadas recuperadas, una de ellas dias atras"},"content":{"rendered":"<p><!-- VideographyWP Plugin Message: Automatic video embedding prevented by plugin options. --><br \/>\nEste miercoles al mediod\u00eda el Policia de la comisaria y destacamento la Tosquera en callej\u00f3n bajada la Tosquera Cuartel 3ro de nuestra ciudad, aprehendi\u00f3 a un sujeto de 23 a\u00f1os de edad, circulaba moto 110 cc con pedido secuestro HURTO EN SAN PEDRO a\u00f1o 2014 a requerimiento Fiscalia local. Para tenedor recaudos legales  por ENCUBRIMIENTO recuperando su libertad, permaneciendo la moto scuestrada en sede policial.<\/p>\n<p>Otro aprehendido en marco distintos operativos qu realiza forma continua el personal de calle en Mitre e Hipolito Irigoyen, aprehendi\u00f3 a un sujeto mayor de edad, quien circulaba moto 110 cc con pedido secuestro por el delito de HURTO sustraida en San Pedro en el a\u00f1o 2015 a requerimiento Fiscalia local. Para el imputado se cumplieron recaudos legales por el delito de ENCUBRIMIENTO Y RECUPERO SU LIBERTAD.<\/p>\n<p>Efectivos Policiales en el cuartel 3ro de la ciudad, tras corta persecuci\u00f3n aprehendi\u00f3 un sujeto mayor de edad circulaba en moto resisti\u00e9ndose a ser identificado. Estableciose Rodado sustra\u00eddo d\u00edas atr\u00e1s, a una mujer sin violencia calle Noseda al 1400. El aprehendido permanece alojado en la comisaria local.<\/p>\n","protected":false},"excerpt":{"rendered":"<p>Este miercoles al mediod\u00eda el Policia de la comisaria y destacamento la Tosquera en callej\u00f3n bajada la Tosquera Cuartel 3ro de nuestra ciudad, aprehendi\u00f3 a un sujeto de 23 a\u00f1os de edad, circulaba moto 110 cc con pedido secuestro HURTO EN SAN PEDRO a\u00f1o 2014 a requerimiento Fiscalia local. Para tenedor recaudos legales por ENCUBRIMIENTO [&hellip;]<\/p>\n","protected":false},"author":4,"featured_media":11797,"comment_status":"open","ping_status":"closed","sticky":false,"template":"","format":"standard","meta":{"om_disable_all_campaigns":false,"_jetpack_memberships_contains_paid_content":false,"footnotes":""},"categories":[2,103],"tags":[],"class_list":["post-41700","post","type-post","status-publish","format-standard","has-post-thumbnail","hentry","category-locales","category-policiales-locales"],"aioseo_notices":[],"gutentor_comment":0,"jetpack_featured_media_url":"https:\/\/eldiariodesanpedro.com.ar\/sitio\/wp-content\/uploads\/2016\/12\/moto-secuestrada.jpg","jetpack_shortlink":"https:\/\/wp.me\/p6RhLt-aQA","jetpack_sharing_enabled":true,"_links":{"self":[{"href":"https:\/\/eldiariodesanpedro.com.ar\/sitio\/wp-json\/wp\/v2\/posts\/41700","targetHints":{"allow":["GET"]}}],"collection":[{"href":"https:\/\/eldiariodesanpedro.com.ar\/sitio\/wp-json\/wp\/v2\/posts"}],"about":[{"href":"https:\/\/eldiariodesanpedro.com.ar\/sitio\/wp-json\/wp\/v2\/types\/post"}],"author":[{"embeddable":true,"href":"https:\/\/eldiariodesanpedro.com.ar\/sitio\/wp-json\/wp\/v2\/users\/4"}],"replies":[{"embeddable":true,"href":"https:\/\/eldiariodesanpedro.com.ar\/sitio\/wp-json\/wp\/v2\/comments?post=41700"}],"version-history":[{"count":1,"href":"https:\/\/eldiariodesanpedro.com.ar\/sitio\/wp-json\/wp\/v2\/posts\/41700\/revisions"}],"predecessor-version":[{"id":41701,"href":"https:\/\/eldiariodesanpedro.com.ar\/sitio\/wp-json\/wp\/v2\/posts\/41700\/revisions\/41701"}],"wp:featuredmedia":[{"embeddable":true,"href":"https:\/\/eldiariodesanpedro.com.ar\/sitio\/wp-json\/wp\/v2\/media\/11797"}],"wp:attachment":[{"href":"https:\/\/eldiariodesanpedro.com.ar\/sitio\/wp-json\/wp\/v2\/media?parent=41700"}],"wp:term":[{"taxonomy":"category","embeddable":true,"href":"https:\/\/eldiariodesanpedro.com.ar\/sitio\/wp-json\/wp\/v2\/categories?post=41700"},{"taxonomy":"post_tag","embeddable":true,"href":"https:\/\/eldiariodesanpedro.com.ar\/sitio\/wp-json\/wp\/v2\/tags?post=41700"}],"curies":[{"name":"wp","href":"https:\/\/api.w.org\/{rel}","templated":true}]}}