{"id":41697,"date":"2018-10-11T16:53:04","date_gmt":"2018-10-11T19:53:04","guid":{"rendered":"https:\/\/eldiariodesanpedro.com.ar\/sitio\/?p=41697"},"modified":"2018-10-11T16:53:04","modified_gmt":"2018-10-11T19:53:04","slug":"mejoras-en-cancha-de-futbol-de-la-escuela-41","status":"publish","type":"post","link":"https:\/\/eldiariodesanpedro.com.ar\/sitio\/mejoras-en-cancha-de-futbol-de-la-escuela-41\/","title":{"rendered":"Mejoras en cancha de futbol de la escuela 41"},"content":{"rendered":"<p><!-- VideographyWP Plugin Message: Automatic video embedding prevented by plugin options. --><br \/>\nEste jueves por la ma\u00f1ana personal municipal del \u00e1rea de Mantenimiento, coloc\u00f3 los nuevos arcos construidos por ellos y por la compra del Consejo Escolar de los ca\u00f1os con el fondo educativo.<\/p>\n<p>Hace unos meses en la inauguraci\u00f3n de nuevas obras en la Escuela 41 del Paraje de Tablas, el intendente Cecilio Salazar hab\u00eda dado su promesa para la construcci\u00f3n de los mismos. A partir de hoy los chicos podr\u00e1n disfrutar de su canchita en los recreos educativos.<\/p>\n","protected":false},"excerpt":{"rendered":"<p>Este jueves por la ma\u00f1ana personal municipal del \u00e1rea de Mantenimiento, coloc\u00f3 los nuevos arcos construidos por ellos y por la compra del Consejo Escolar de los ca\u00f1os con el fondo educativo. Hace unos meses en la inauguraci\u00f3n de nuevas obras en la Escuela 41 del Paraje de Tablas, el intendente Cecilio Salazar hab\u00eda dado [&hellip;]<\/p>\n","protected":false},"author":4,"featured_media":41698,"comment_status":"open","ping_status":"closed","sticky":false,"template":"","format":"standard","meta":{"om_disable_all_campaigns":false,"_jetpack_memberships_contains_paid_content":false,"footnotes":""},"categories":[101,2],"tags":[],"class_list":["post-41697","post","type-post","status-publish","format-standard","has-post-thumbnail","hentry","category-interes-general-locales","category-locales"],"aioseo_notices":[],"gutentor_comment":0,"jetpack_featured_media_url":"https:\/\/eldiariodesanpedro.com.ar\/sitio\/wp-content\/uploads\/2018\/10\/pastedImage-2-1.png","jetpack_shortlink":"https:\/\/wp.me\/p6RhLt-aQx","jetpack_sharing_enabled":true,"_links":{"self":[{"href":"https:\/\/eldiariodesanpedro.com.ar\/sitio\/wp-json\/wp\/v2\/posts\/41697","targetHints":{"allow":["GET"]}}],"collection":[{"href":"https:\/\/eldiariodesanpedro.com.ar\/sitio\/wp-json\/wp\/v2\/posts"}],"about":[{"href":"https:\/\/eldiariodesanpedro.com.ar\/sitio\/wp-json\/wp\/v2\/types\/post"}],"author":[{"embeddable":true,"href":"https:\/\/eldiariodesanpedro.com.ar\/sitio\/wp-json\/wp\/v2\/users\/4"}],"replies":[{"embeddable":true,"href":"https:\/\/eldiariodesanpedro.com.ar\/sitio\/wp-json\/wp\/v2\/comments?post=41697"}],"version-history":[{"count":1,"href":"https:\/\/eldiariodesanpedro.com.ar\/sitio\/wp-json\/wp\/v2\/posts\/41697\/revisions"}],"predecessor-version":[{"id":41699,"href":"https:\/\/eldiariodesanpedro.com.ar\/sitio\/wp-json\/wp\/v2\/posts\/41697\/revisions\/41699"}],"wp:featuredmedia":[{"embeddable":true,"href":"https:\/\/eldiariodesanpedro.com.ar\/sitio\/wp-json\/wp\/v2\/media\/41698"}],"wp:attachment":[{"href":"https:\/\/eldiariodesanpedro.com.ar\/sitio\/wp-json\/wp\/v2\/media?parent=41697"}],"wp:term":[{"taxonomy":"category","embeddable":true,"href":"https:\/\/eldiariodesanpedro.com.ar\/sitio\/wp-json\/wp\/v2\/categories?post=41697"},{"taxonomy":"post_tag","embeddable":true,"href":"https:\/\/eldiariodesanpedro.com.ar\/sitio\/wp-json\/wp\/v2\/tags?post=41697"}],"curies":[{"name":"wp","href":"https:\/\/api.w.org\/{rel}","templated":true}]}}