{"id":41694,"date":"2018-10-11T16:31:42","date_gmt":"2018-10-11T19:31:42","guid":{"rendered":"https:\/\/eldiariodesanpedro.com.ar\/sitio\/?p=41694"},"modified":"2018-10-11T16:31:42","modified_gmt":"2018-10-11T19:31:42","slug":"alerta-por-falsos-trabajadores-de-la-red-de-gas","status":"publish","type":"post","link":"https:\/\/eldiariodesanpedro.com.ar\/sitio\/alerta-por-falsos-trabajadores-de-la-red-de-gas\/","title":{"rendered":"Alerta por falsos trabajadores de la red de gas"},"content":{"rendered":"<p><!-- VideographyWP Plugin Message: Automatic video embedding prevented by plugin options. --><br \/>\nLa Municipalidad de San Pedro informa que circula en las redes un aviso de alerta para advertir sobre el accionar de personas que se identifican como empleados de MetroGas, para realizar trabajos de mantenimiento de nuestra zona.  <\/p>\n<p>Es importante recordar que en nuestra regi\u00f3n la empresa concesionaria es Litoral Gas que adem\u00e1s durante este mes y el pr\u00f3ximo lleva adelante tareas externas a las viviendas y con personal debidamente identificado.<\/p>\n<p>Este relevamiento incluye la detecci\u00f3n de fugas bajo vereda, ca\u00f1er\u00edas principales y conexiones a cada domicilio, como as\u00ed tambi\u00e9n las que puedan localizarse dentro del gabinete sobre el frente de la vivienda donde se alojan instalaciones propiedad del cliente.<\/p>\n<p> Para evitar complicaciones se recomienda peri\u00f3dicamente recurrir a un gasista matriculado para revisar las instalaciones propias y de esta manera evitar inconvenientes ya que en caso de detectarse alguna situaci\u00f3n riesgosa, el servicio podr\u00eda ser interrumpido y la restituci\u00f3n la realizar\u00e1 personal de Litoral Gas una vez se haya certificado el funcionamiento normal.<\/p>\n","protected":false},"excerpt":{"rendered":"<p>La Municipalidad de San Pedro informa que circula en las redes un aviso de alerta para advertir sobre el accionar de personas que se identifican como empleados de MetroGas, para realizar trabajos de mantenimiento de nuestra zona. Es importante recordar que en nuestra regi\u00f3n la empresa concesionaria es Litoral Gas que adem\u00e1s durante este mes [&hellip;]<\/p>\n","protected":false},"author":4,"featured_media":41695,"comment_status":"open","ping_status":"closed","sticky":false,"template":"","format":"standard","meta":{"om_disable_all_campaigns":false,"_jetpack_memberships_contains_paid_content":false,"footnotes":""},"categories":[101,2],"tags":[],"class_list":["post-41694","post","type-post","status-publish","format-standard","has-post-thumbnail","hentry","category-interes-general-locales","category-locales"],"aioseo_notices":[],"gutentor_comment":0,"jetpack_featured_media_url":"https:\/\/eldiariodesanpedro.com.ar\/sitio\/wp-content\/uploads\/2018\/10\/pastedImage-1-2.png","jetpack_shortlink":"https:\/\/wp.me\/p6RhLt-aQu","jetpack_sharing_enabled":true,"_links":{"self":[{"href":"https:\/\/eldiariodesanpedro.com.ar\/sitio\/wp-json\/wp\/v2\/posts\/41694","targetHints":{"allow":["GET"]}}],"collection":[{"href":"https:\/\/eldiariodesanpedro.com.ar\/sitio\/wp-json\/wp\/v2\/posts"}],"about":[{"href":"https:\/\/eldiariodesanpedro.com.ar\/sitio\/wp-json\/wp\/v2\/types\/post"}],"author":[{"embeddable":true,"href":"https:\/\/eldiariodesanpedro.com.ar\/sitio\/wp-json\/wp\/v2\/users\/4"}],"replies":[{"embeddable":true,"href":"https:\/\/eldiariodesanpedro.com.ar\/sitio\/wp-json\/wp\/v2\/comments?post=41694"}],"version-history":[{"count":1,"href":"https:\/\/eldiariodesanpedro.com.ar\/sitio\/wp-json\/wp\/v2\/posts\/41694\/revisions"}],"predecessor-version":[{"id":41696,"href":"https:\/\/eldiariodesanpedro.com.ar\/sitio\/wp-json\/wp\/v2\/posts\/41694\/revisions\/41696"}],"wp:featuredmedia":[{"embeddable":true,"href":"https:\/\/eldiariodesanpedro.com.ar\/sitio\/wp-json\/wp\/v2\/media\/41695"}],"wp:attachment":[{"href":"https:\/\/eldiariodesanpedro.com.ar\/sitio\/wp-json\/wp\/v2\/media?parent=41694"}],"wp:term":[{"taxonomy":"category","embeddable":true,"href":"https:\/\/eldiariodesanpedro.com.ar\/sitio\/wp-json\/wp\/v2\/categories?post=41694"},{"taxonomy":"post_tag","embeddable":true,"href":"https:\/\/eldiariodesanpedro.com.ar\/sitio\/wp-json\/wp\/v2\/tags?post=41694"}],"curies":[{"name":"wp","href":"https:\/\/api.w.org\/{rel}","templated":true}]}}