{"id":41689,"date":"2018-10-11T11:25:46","date_gmt":"2018-10-11T14:25:46","guid":{"rendered":"https:\/\/eldiariodesanpedro.com.ar\/sitio\/?p=41689"},"modified":"2018-10-11T11:25:46","modified_gmt":"2018-10-11T14:25:46","slug":"recuperan-una-motocicleta-xr-250","status":"publish","type":"post","link":"https:\/\/eldiariodesanpedro.com.ar\/sitio\/recuperan-una-motocicleta-xr-250\/","title":{"rendered":"Recuperan una motocicleta XR 250"},"content":{"rendered":"<p><!-- VideographyWP Plugin Message: Automatic video embedding prevented by plugin options. --><br \/>\nLos efectivos de la polic\u00eda en las \u00faltimas horas de a tarde del mi\u00e9rcoles en el marco distintos operativos en Mateo Sbert y Lavalle ciudad, procede a la detenci\u00f3n de un masculino de 25 a\u00f1os de edad, circulaba en moto alta cilindrada Honda XR 250 cc, que registra pedido secuestro activo reciente 29 de agosto de 2018, sustra\u00edda en hecho de ROBO acaecido en Lomas de Zamora, y requerimiento justicia esa ciudad. <\/p>\n<p>El rodado permanece secuestrado en sede policial, mientras que para el tenedor se cumplieron recaudos legales sometido a proceso judicial.<\/p>\n","protected":false},"excerpt":{"rendered":"<p>Los efectivos de la polic\u00eda en las \u00faltimas horas de a tarde del mi\u00e9rcoles en el marco distintos operativos en Mateo Sbert y Lavalle ciudad, procede a la detenci\u00f3n de un masculino de 25 a\u00f1os de edad, circulaba en moto alta cilindrada Honda XR 250 cc, que registra pedido secuestro activo reciente 29 de agosto [&hellip;]<\/p>\n","protected":false},"author":4,"featured_media":41690,"comment_status":"open","ping_status":"closed","sticky":false,"template":"","format":"standard","meta":{"om_disable_all_campaigns":false,"_jetpack_memberships_contains_paid_content":false,"footnotes":""},"categories":[2,103],"tags":[],"class_list":["post-41689","post","type-post","status-publish","format-standard","has-post-thumbnail","hentry","category-locales","category-policiales-locales"],"aioseo_notices":[],"gutentor_comment":0,"jetpack_featured_media_url":"https:\/\/eldiariodesanpedro.com.ar\/sitio\/wp-content\/uploads\/2018\/10\/WhatsApp-Image-2018-10-11-at-10.08.09.jpeg","jetpack_shortlink":"https:\/\/wp.me\/p6RhLt-aQp","jetpack_sharing_enabled":true,"_links":{"self":[{"href":"https:\/\/eldiariodesanpedro.com.ar\/sitio\/wp-json\/wp\/v2\/posts\/41689","targetHints":{"allow":["GET"]}}],"collection":[{"href":"https:\/\/eldiariodesanpedro.com.ar\/sitio\/wp-json\/wp\/v2\/posts"}],"about":[{"href":"https:\/\/eldiariodesanpedro.com.ar\/sitio\/wp-json\/wp\/v2\/types\/post"}],"author":[{"embeddable":true,"href":"https:\/\/eldiariodesanpedro.com.ar\/sitio\/wp-json\/wp\/v2\/users\/4"}],"replies":[{"embeddable":true,"href":"https:\/\/eldiariodesanpedro.com.ar\/sitio\/wp-json\/wp\/v2\/comments?post=41689"}],"version-history":[{"count":1,"href":"https:\/\/eldiariodesanpedro.com.ar\/sitio\/wp-json\/wp\/v2\/posts\/41689\/revisions"}],"predecessor-version":[{"id":41691,"href":"https:\/\/eldiariodesanpedro.com.ar\/sitio\/wp-json\/wp\/v2\/posts\/41689\/revisions\/41691"}],"wp:featuredmedia":[{"embeddable":true,"href":"https:\/\/eldiariodesanpedro.com.ar\/sitio\/wp-json\/wp\/v2\/media\/41690"}],"wp:attachment":[{"href":"https:\/\/eldiariodesanpedro.com.ar\/sitio\/wp-json\/wp\/v2\/media?parent=41689"}],"wp:term":[{"taxonomy":"category","embeddable":true,"href":"https:\/\/eldiariodesanpedro.com.ar\/sitio\/wp-json\/wp\/v2\/categories?post=41689"},{"taxonomy":"post_tag","embeddable":true,"href":"https:\/\/eldiariodesanpedro.com.ar\/sitio\/wp-json\/wp\/v2\/tags?post=41689"}],"curies":[{"name":"wp","href":"https:\/\/api.w.org\/{rel}","templated":true}]}}