{"id":41675,"date":"2018-10-11T09:51:05","date_gmt":"2018-10-11T12:51:05","guid":{"rendered":"https:\/\/eldiariodesanpedro.com.ar\/sitio\/?p=41675"},"modified":"2018-10-11T09:51:05","modified_gmt":"2018-10-11T12:51:05","slug":"se-agrego-nueva-fecha-para-el-taller-intensivo-de-teatro","status":"publish","type":"post","link":"https:\/\/eldiariodesanpedro.com.ar\/sitio\/se-agrego-nueva-fecha-para-el-taller-intensivo-de-teatro\/","title":{"rendered":"Se agreg\u00f3 nueva fecha para el taller intensivo de teatro"},"content":{"rendered":"<p><!-- VideographyWP Plugin Message: Automatic video embedding prevented by plugin options. --><br \/>\nLa Direcci\u00f3n de Cultura y el grupo de Teatro Faraute te invitan a un taller de teatro intensivo en la sala \u201cEl Cuadril\u00e1tero\u201d de car\u00e1cter gratuito el s\u00e1bado 24 de noviembre de 15 a 17 hs. <\/p>\n<p>El taller de teatro est\u00e1 dirigido a personas mayores de 25 a\u00f1os sin experiencia en actuaci\u00f3n. La inscripci\u00f3n est\u00e1 abierta hasta el mi\u00e9rcoles 14 de noviembre y el cupo es limitado. <\/p>\n<p>La profesora que dictar\u00e1 la clase es Susana Balderrama, su n\u00famero de contacto es 0341-15-6427858. <\/p>\n","protected":false},"excerpt":{"rendered":"<p>La Direcci\u00f3n de Cultura y el grupo de Teatro Faraute te invitan a un taller de teatro intensivo en la sala \u201cEl Cuadril\u00e1tero\u201d de car\u00e1cter gratuito el s\u00e1bado 24 de noviembre de 15 a 17 hs. El taller de teatro est\u00e1 dirigido a personas mayores de 25 a\u00f1os sin experiencia en actuaci\u00f3n. La inscripci\u00f3n est\u00e1 [&hellip;]<\/p>\n","protected":false},"author":4,"featured_media":41676,"comment_status":"open","ping_status":"closed","sticky":false,"template":"","format":"standard","meta":{"om_disable_all_campaigns":false,"_jetpack_memberships_contains_paid_content":false,"footnotes":""},"categories":[101,2],"tags":[],"class_list":["post-41675","post","type-post","status-publish","format-standard","has-post-thumbnail","hentry","category-interes-general-locales","category-locales"],"aioseo_notices":[],"gutentor_comment":0,"jetpack_featured_media_url":"https:\/\/eldiariodesanpedro.com.ar\/sitio\/wp-content\/uploads\/2018\/10\/pastedImage-5.png","jetpack_shortlink":"https:\/\/wp.me\/p6RhLt-aQb","jetpack_sharing_enabled":true,"_links":{"self":[{"href":"https:\/\/eldiariodesanpedro.com.ar\/sitio\/wp-json\/wp\/v2\/posts\/41675","targetHints":{"allow":["GET"]}}],"collection":[{"href":"https:\/\/eldiariodesanpedro.com.ar\/sitio\/wp-json\/wp\/v2\/posts"}],"about":[{"href":"https:\/\/eldiariodesanpedro.com.ar\/sitio\/wp-json\/wp\/v2\/types\/post"}],"author":[{"embeddable":true,"href":"https:\/\/eldiariodesanpedro.com.ar\/sitio\/wp-json\/wp\/v2\/users\/4"}],"replies":[{"embeddable":true,"href":"https:\/\/eldiariodesanpedro.com.ar\/sitio\/wp-json\/wp\/v2\/comments?post=41675"}],"version-history":[{"count":1,"href":"https:\/\/eldiariodesanpedro.com.ar\/sitio\/wp-json\/wp\/v2\/posts\/41675\/revisions"}],"predecessor-version":[{"id":41677,"href":"https:\/\/eldiariodesanpedro.com.ar\/sitio\/wp-json\/wp\/v2\/posts\/41675\/revisions\/41677"}],"wp:featuredmedia":[{"embeddable":true,"href":"https:\/\/eldiariodesanpedro.com.ar\/sitio\/wp-json\/wp\/v2\/media\/41676"}],"wp:attachment":[{"href":"https:\/\/eldiariodesanpedro.com.ar\/sitio\/wp-json\/wp\/v2\/media?parent=41675"}],"wp:term":[{"taxonomy":"category","embeddable":true,"href":"https:\/\/eldiariodesanpedro.com.ar\/sitio\/wp-json\/wp\/v2\/categories?post=41675"},{"taxonomy":"post_tag","embeddable":true,"href":"https:\/\/eldiariodesanpedro.com.ar\/sitio\/wp-json\/wp\/v2\/tags?post=41675"}],"curies":[{"name":"wp","href":"https:\/\/api.w.org\/{rel}","templated":true}]}}