{"id":41663,"date":"2018-10-10T21:05:20","date_gmt":"2018-10-11T00:05:20","guid":{"rendered":"https:\/\/eldiariodesanpedro.com.ar\/sitio\/?p=41663"},"modified":"2026-01-24T00:09:19","modified_gmt":"2026-01-24T03:09:19","slug":"automovilismo-junior-solmi-sin-suerte-en-neuquen-pablo-marelli-gano-en-colon-y-en-san-nicolas-se-vivio-una-fiesta","status":"publish","type":"post","link":"https:\/\/eldiariodesanpedro.com.ar\/sitio\/automovilismo-junior-solmi-sin-suerte-en-neuquen-pablo-marelli-gano-en-colon-y-en-san-nicolas-se-vivio-una-fiesta\/","title":{"rendered":"AUTOMOVILISMO: Junior Solmi sin suerte en Neuqu\u00e9n. Pablo Marelli gan\u00f3 en Col\u00f3n y, en San Nicol\u00e1s se vivi\u00f3 una fiesta"},"content":{"rendered":"<p><!-- VideographyWP Plugin Message: Automatic video embedding prevented by plugin options. --><br \/>\nJunior Solmi no pudo culminar la competencia, en el giro 14 su m\u00e1quina present\u00f3 un inconveniente luego de un toque de carrera y se qued\u00f3 con las ganas de poder ubicarse un puesto m\u00e1s adelante. Igualmente est\u00e1 en la lucha por ingresar en la definici\u00f3n del campeonato, ya que est\u00e1 primero de los tres que hoy tienen chances de meterse en la Copa de Plata. <\/p>\n<p><strong>La carrera<\/strong><br \/>\n  En la largada, el pergaminense Rasuk se pudo afianzar en el liderazgo, m\u00e1s all\u00e1 de los intentos de sobrepaso del Chevrolet manejado por Scumburdi. Tal fue la preocupaci\u00f3n del piloto del SP Racing que, despu\u00e9s, se vio relegado por el Ford de Hern\u00e1ndez y una curva despu\u00e9s, se toc\u00f3 con Junio Solmi, lo que deriv\u00f3 en el despiste de ambos pilotos.<br \/>\n  Nicol\u00e1s Montanari, con el Ford del equipo de Gar\u00f3falo, aprovech\u00f3 los sucesos ocurridos delante suyo para avanzar hasta la tercera posici\u00f3n y ser, por lo menos hasta la mitad de la prueba, quien encabezaba el pelot\u00f3n de los puestos de vanguardia.<br \/>\n  Lucas Carabajal, el chaque\u00f1o de Dodge que hab\u00eda quedado retrasado en las series del s\u00e1bado, comenz\u00f3 una buena remontada ya que larg\u00f3 d\u00e9cimo cuarto y, en la mitad de la carrera, ya estaba sexto.<br \/>\n  En el noveno giro, se despist\u00f3 Juan Ignacio Maceira, el representante del AA Racing lo que gener\u00f3 el ingreso del auto de seguridad, cuando la diferencia que hab\u00eda impuesto Jos\u00e9 Rasuk era amplia respecto de su inmediato perseguidor, Hern\u00e1ndez.<br \/>\n  En el relanzamiento, el piloto de Las Toscas Racing pudo mantener su posici\u00f3n de privilegio y el golpe de escena se dio en la pelea por el campeonato: Carabajal, intentando avanzar tuvo un roce con Mart\u00ednez, el piloto del JP Carrera, se retras\u00f3 y fue sobrepasado por Granja, el l\u00edder de la Copa Coronaci\u00f3n, quien finalmente termin\u00f3 sexto manteni\u00e9ndose como la referencia.<br \/>\n  Nadie pudo con Rasuk en el desenlace de la carrera, aunque Hern\u00e1ndez se acerc\u00f3 mucho y con peligrosidad. Vuelta a vuelta la diferencia se fue acortando, al punto que en el momento del cruce de la bandera a cuadros, la discrepancia entre el pergaminense y el piloto del equipo del Gur\u00ed Mart\u00ednez fue de apena siete d\u00e9cimas.<br \/>\n  Con la Dodge que luce el 131 en sus laterales, Rasuk pudo conseguir su primer triunfo y, as\u00ed, tildar el casillero de la victoria obligatoria para ser campe\u00f3n de la categor\u00eda, en sus 28 presencias dentro del TC Pista Mouras.<br \/>\n  El ganador fue Jos\u00e9 Rasuk (Dodge) seguido de Francisco Hern\u00e1ndez (Ford) y Sebasti\u00e1n Salse (Torino).<\/p>\n<p><strong>PABLO MARELLI GAN\u00d3 EN COLON Y ES PUNTERO<\/strong><br \/>\n<img decoding=\"async\" data-attachment-id=\"41671\" data-permalink=\"https:\/\/eldiariodesanpedro.com.ar\/sitio\/automovilismo-junior-solmi-sin-suerte-en-neuquen-pablo-marelli-gano-en-colon-y-en-san-nicolas-se-vivio-una-fiesta\/pablo-marelli-tc-850\/\" data-orig-file=\"https:\/\/eldiariodesanpedro.com.ar\/sitio\/wp-content\/uploads\/2018\/10\/Pablo-Marelli-TC-850.jpg\" data-orig-size=\"720,960\" data-comments-opened=\"1\" data-image-meta=\"{&quot;aperture&quot;:&quot;0&quot;,&quot;credit&quot;:&quot;&quot;,&quot;camera&quot;:&quot;&quot;,&quot;caption&quot;:&quot;&quot;,&quot;created_timestamp&quot;:&quot;0&quot;,&quot;copyright&quot;:&quot;&quot;,&quot;focal_length&quot;:&quot;0&quot;,&quot;iso&quot;:&quot;0&quot;,&quot;shutter_speed&quot;:&quot;0&quot;,&quot;title&quot;:&quot;&quot;,&quot;orientation&quot;:&quot;0&quot;}\" data-image-title=\"Pablo Marelli, TC 850\" data-image-description=\"\" data-image-caption=\"\" data-large-file=\"https:\/\/eldiariodesanpedro.com.ar\/sitio\/wp-content\/uploads\/2018\/10\/Pablo-Marelli-TC-850.jpg\" data-src=\"https:\/\/eldiariodesanpedro.com.ar\/sitio\/wp-content\/uploads\/2018\/10\/Pablo-Marelli-TC-850.jpg\" alt=\"\" width=\"720\" height=\"960\" class=\"alignnone size-full wp-image-41671 lazyload\" data-srcset=\"https:\/\/eldiariodesanpedro.com.ar\/sitio\/wp-content\/uploads\/2018\/10\/Pablo-Marelli-TC-850.jpg 720w, https:\/\/eldiariodesanpedro.com.ar\/sitio\/wp-content\/uploads\/2018\/10\/Pablo-Marelli-TC-850-225x300.jpg 225w\" data-sizes=\"(max-width: 720px) 100vw, 720px\" src=\"data:image\/svg+xml;base64,PHN2ZyB3aWR0aD0iMSIgaGVpZ2h0PSIxIiB4bWxucz0iaHR0cDovL3d3dy53My5vcmcvMjAwMC9zdmciPjwvc3ZnPg==\" style=\"--smush-placeholder-width: 720px; --smush-placeholder-aspect-ratio: 720\/960;\" \/><br \/>\n<em>Pablo Marelli, TC 850<\/em><\/p>\n<p>  En el aut\u00f3dromo Emilio Reybet de Col\u00f3n, el sampedrino Pablo Marelli se alz\u00f3 con el triunfo en la categor\u00eda TC 850. Otros ganadores fueron: Facundo Mart\u00ednez en el TC Zonal, Facundo Peluzza en el TC y Juanse Gallo en el TC 4000.<br \/>\n<img decoding=\"async\" data-attachment-id=\"41666\" data-permalink=\"https:\/\/eldiariodesanpedro.com.ar\/sitio\/automovilismo-junior-solmi-sin-suerte-en-neuquen-pablo-marelli-gano-en-colon-y-en-san-nicolas-se-vivio-una-fiesta\/info-11-10-18-tc-8500-posiciones\/\" data-orig-file=\"https:\/\/eldiariodesanpedro.com.ar\/sitio\/wp-content\/uploads\/2018\/10\/INFO-11-10-18-tc-8500-posiciones.jpg\" data-orig-size=\"303,621\" data-comments-opened=\"1\" data-image-meta=\"{&quot;aperture&quot;:&quot;0&quot;,&quot;credit&quot;:&quot;&quot;,&quot;camera&quot;:&quot;&quot;,&quot;caption&quot;:&quot;&quot;,&quot;created_timestamp&quot;:&quot;0&quot;,&quot;copyright&quot;:&quot;&quot;,&quot;focal_length&quot;:&quot;0&quot;,&quot;iso&quot;:&quot;0&quot;,&quot;shutter_speed&quot;:&quot;0&quot;,&quot;title&quot;:&quot;&quot;,&quot;orientation&quot;:&quot;0&quot;}\" data-image-title=\"INFO 11-10-18 tc 8500 posiciones\" data-image-description=\"\" data-image-caption=\"\" data-large-file=\"https:\/\/eldiariodesanpedro.com.ar\/sitio\/wp-content\/uploads\/2018\/10\/INFO-11-10-18-tc-8500-posiciones.jpg\" data-src=\"https:\/\/eldiariodesanpedro.com.ar\/sitio\/wp-content\/uploads\/2018\/10\/INFO-11-10-18-tc-8500-posiciones.jpg\" alt=\"\" width=\"303\" height=\"621\" class=\"alignnone size-full wp-image-41666 lazyload\" data-srcset=\"https:\/\/eldiariodesanpedro.com.ar\/sitio\/wp-content\/uploads\/2018\/10\/INFO-11-10-18-tc-8500-posiciones.jpg 303w, https:\/\/eldiariodesanpedro.com.ar\/sitio\/wp-content\/uploads\/2018\/10\/INFO-11-10-18-tc-8500-posiciones-146x300.jpg 146w\" data-sizes=\"(max-width: 303px) 100vw, 303px\" src=\"data:image\/svg+xml;base64,PHN2ZyB3aWR0aD0iMSIgaGVpZ2h0PSIxIiB4bWxucz0iaHR0cDovL3d3dy53My5vcmcvMjAwMC9zdmciPjwvc3ZnPg==\" style=\"--smush-placeholder-width: 303px; --smush-placeholder-aspect-ratio: 303\/621;\" \/><\/p>\n<p><strong>SAN NICOL\u00c1S VIVI\u00d3 UNA GRAN FIESTA<\/strong><br \/>\n<img decoding=\"async\" data-attachment-id=\"41669\" data-permalink=\"https:\/\/eldiariodesanpedro.com.ar\/sitio\/automovilismo-junior-solmi-sin-suerte-en-neuquen-pablo-marelli-gano-en-colon-y-en-san-nicolas-se-vivio-una-fiesta\/una-fiesta-en-san-nicolas\/\" data-orig-file=\"https:\/\/eldiariodesanpedro.com.ar\/sitio\/wp-content\/uploads\/2018\/10\/Una-fiesta-en-San-Nicol\u00e1s.jpg\" data-orig-size=\"500,500\" data-comments-opened=\"1\" data-image-meta=\"{&quot;aperture&quot;:&quot;0&quot;,&quot;credit&quot;:&quot;&quot;,&quot;camera&quot;:&quot;&quot;,&quot;caption&quot;:&quot;&quot;,&quot;created_timestamp&quot;:&quot;0&quot;,&quot;copyright&quot;:&quot;&quot;,&quot;focal_length&quot;:&quot;0&quot;,&quot;iso&quot;:&quot;0&quot;,&quot;shutter_speed&quot;:&quot;0&quot;,&quot;title&quot;:&quot;&quot;,&quot;orientation&quot;:&quot;0&quot;}\" data-image-title=\"Una fiesta en San Nicol\u00e1s\" data-image-description=\"\" data-image-caption=\"\" data-large-file=\"https:\/\/eldiariodesanpedro.com.ar\/sitio\/wp-content\/uploads\/2018\/10\/Una-fiesta-en-San-Nicol\u00e1s.jpg\" data-src=\"https:\/\/eldiariodesanpedro.com.ar\/sitio\/wp-content\/uploads\/2018\/10\/Una-fiesta-en-San-Nicol\u00e1s.jpg\" alt=\"\" width=\"500\" height=\"500\" class=\"alignnone size-full wp-image-41669 lazyload\" data-srcset=\"https:\/\/eldiariodesanpedro.com.ar\/sitio\/wp-content\/uploads\/2018\/10\/Una-fiesta-en-San-Nicol\u00e1s.jpg 500w, https:\/\/eldiariodesanpedro.com.ar\/sitio\/wp-content\/uploads\/2018\/10\/Una-fiesta-en-San-Nicol\u00e1s-150x150.jpg 150w, https:\/\/eldiariodesanpedro.com.ar\/sitio\/wp-content\/uploads\/2018\/10\/Una-fiesta-en-San-Nicol\u00e1s-300x300.jpg 300w\" data-sizes=\"(max-width: 500px) 100vw, 500px\" src=\"data:image\/svg+xml;base64,PHN2ZyB3aWR0aD0iMSIgaGVpZ2h0PSIxIiB4bWxucz0iaHR0cDovL3d3dy53My5vcmcvMjAwMC9zdmciPjwvc3ZnPg==\" style=\"--smush-placeholder-width: 500px; --smush-placeholder-aspect-ratio: 500\/500;\" \/><br \/>\n<em>Una fiesta en San Nicol\u00e1s<\/em><\/p>\n<p>  La multitud que acompa\u00f1\u00f3 al S\u00faper TC2000 en la inauguraci\u00f3n del aut\u00f3dromo \u201cSan Nicol\u00e1s Ciudad\u201d vitore\u00f3 el triunfo de Mariano Werner con el Peugeot 408 de la escuadra \u201cTeam Peugeot Total Argentina\u201d.<br \/>\n  El \u201cLe\u00f3n\u201d del equipo t\u00e9cnico DTA naci\u00f3 y creci\u00f3 en esta ciudad, dando un rugido esperado ante los nicole\u00f1os que desde el viernes afianzaron el romance con la categor\u00eda. Agust\u00edn Canapino y Bernardo Llaver completaron el podio con los colores del \u201cEquipo Chevrolet YPF\u201d.<\/p>\n<p>  La hist\u00f3rica competencia de S\u00faper TC2000 tuvo un comienzo con los Peugeot 408 de Mariano Werner y N\u00e9stor Girolami partiendo desde la vanguardia tras el 1-2 logrado en la Carrera Clasificatoria de ayer. Por detr\u00e1s la amenaza la plantearon Agust\u00edn Canapino y Tom\u00e1s Gagliardi Genne (ambos del Equipo Chevrolet YPF).<br \/>\n  En los primeros metros de competencia, Canapino dio cuenta del escolta Girolami, y cumplido el cuarto giro, los Fluence del team \u201cRenault Sport\u201d ya eran parte de los 13 mejores, tras haber partido desde la retaguardia. Facundo Ardusso marchaba 13ro, Leonel Pern\u00eda 14to, Emiliano Spataro 17mo y Mart\u00edn Moggia 20mo.<br \/>\n  El desarrollo de la competencia mostr\u00f3 tambi\u00e9n los emprendimientos de muchos pilotos por avanzar, brindando un buen espect\u00e1culo en pista.<br \/>\n  Promediando la prueba, la disputa se vivi\u00f3 en los distintos pelotones. Leonel Pern\u00eda ratificaba el potencial mostrado en la prueba matinal de Tanques Llenos avanzando en t\u00e1ndem con su compa\u00f1ero de escuadra Facundo Ardusso. En el 23er giro el protagonismo lo adquir\u00eda nuevamente la vanguardia, al entrar a boxes el escolta N\u00e9stor Girolami.<br \/>\n  M\u00e1s all\u00e1 de ingresar la competencia en su segmento final, las acciones no conclu\u00edan, y el p\u00fablico revalidaba su inter\u00e9s en una Final que mostraba a Rossi y Pern\u00eda disputar un duelo antag\u00f3nico. Tras marchar a la par durante varios metros, el de Renault se impuso sobre el representante de Toyota, ascendiendo hasta el 4to lugar cuando la bandera a cuadros flame\u00f3 consagrando las actuaciones de Mariano Werner, Agust\u00edn Canapino y Bernardo Llaver.<br \/>\n  La hist\u00f3rica competencia de S\u00faper TC2000 marc\u00f3 no solo la inauguraci\u00f3n de una nueva y exitosa plaza para el deporte motor, sino tambi\u00e9n, el romance de la especialidad con el p\u00fablico que, a lo largo del fin de semana, sum\u00f3 90.000 personas.<\/p>\n<p><em>Carrera Final Domingo 07 de octubre de 2018 12:05 hs.; 27 vts.; 108,000 kms.; M\u00e1x.: 45 Min.<\/em><\/p>\n<p><img decoding=\"async\" data-attachment-id=\"41667\" data-permalink=\"https:\/\/eldiariodesanpedro.com.ar\/sitio\/automovilismo-junior-solmi-sin-suerte-en-neuquen-pablo-marelli-gano-en-colon-y-en-san-nicolas-se-vivio-una-fiesta\/info-11-10-18-carrera-final-domingo-07-10-posiciones\/\" data-orig-file=\"https:\/\/eldiariodesanpedro.com.ar\/sitio\/wp-content\/uploads\/2018\/10\/INFO-11-10-18-carrera-final-domingo-07-10-posiciones.jpg\" data-orig-size=\"1739,949\" data-comments-opened=\"1\" data-image-meta=\"{&quot;aperture&quot;:&quot;0&quot;,&quot;credit&quot;:&quot;Fernando Bettendorff&quot;,&quot;camera&quot;:&quot;&quot;,&quot;caption&quot;:&quot;&quot;,&quot;created_timestamp&quot;:&quot;1539197723&quot;,&quot;copyright&quot;:&quot;&quot;,&quot;focal_length&quot;:&quot;0&quot;,&quot;iso&quot;:&quot;0&quot;,&quot;shutter_speed&quot;:&quot;0&quot;,&quot;title&quot;:&quot;&quot;,&quot;orientation&quot;:&quot;0&quot;}\" data-image-title=\"INFO 11-10-18 carrera final domingo 07-10 posiciones\" data-image-description=\"\" data-image-caption=\"\" data-large-file=\"https:\/\/eldiariodesanpedro.com.ar\/sitio\/wp-content\/uploads\/2018\/10\/INFO-11-10-18-carrera-final-domingo-07-10-posiciones-1024x559.jpg\" data-src=\"https:\/\/eldiariodesanpedro.com.ar\/sitio\/wp-content\/uploads\/2018\/10\/INFO-11-10-18-carrera-final-domingo-07-10-posiciones-1024x559.jpg\" alt=\"\" width=\"660\" height=\"360\" class=\"alignnone size-large wp-image-41667 lazyload\" data-srcset=\"https:\/\/eldiariodesanpedro.com.ar\/sitio\/wp-content\/uploads\/2018\/10\/INFO-11-10-18-carrera-final-domingo-07-10-posiciones-1024x559.jpg 1024w, https:\/\/eldiariodesanpedro.com.ar\/sitio\/wp-content\/uploads\/2018\/10\/INFO-11-10-18-carrera-final-domingo-07-10-posiciones-300x164.jpg 300w, https:\/\/eldiariodesanpedro.com.ar\/sitio\/wp-content\/uploads\/2018\/10\/INFO-11-10-18-carrera-final-domingo-07-10-posiciones-768x419.jpg 768w, https:\/\/eldiariodesanpedro.com.ar\/sitio\/wp-content\/uploads\/2018\/10\/INFO-11-10-18-carrera-final-domingo-07-10-posiciones.jpg 1739w\" data-sizes=\"(max-width: 660px) 100vw, 660px\" src=\"data:image\/svg+xml;base64,PHN2ZyB3aWR0aD0iMSIgaGVpZ2h0PSIxIiB4bWxucz0iaHR0cDovL3d3dy53My5vcmcvMjAwMC9zdmciPjwvc3ZnPg==\" style=\"--smush-placeholder-width: 660px; --smush-placeholder-aspect-ratio: 660\/360;\" \/><\/p>\n<p>  El show continuar\u00e1 los d\u00edas 2, 3 y 4 de noviembre al desarrollarse los \u201c200 km de Buenos Aires\u201d.<\/p>\n","protected":false},"excerpt":{"rendered":"<p>Junior Solmi no pudo culminar la competencia, en el giro 14 su m\u00e1quina present\u00f3 un inconveniente luego de un toque de carrera y se qued\u00f3 con las ganas de poder ubicarse un puesto m\u00e1s adelante. Igualmente est\u00e1 en la lucha por ingresar en la definici\u00f3n del campeonato, ya que est\u00e1 primero de los tres que [&hellip;]<\/p>\n","protected":false},"author":4,"featured_media":41668,"comment_status":"open","ping_status":"closed","sticky":false,"template":"","format":"standard","meta":{"om_disable_all_campaigns":false,"_jetpack_memberships_contains_paid_content":false,"footnotes":""},"categories":[5],"tags":[],"class_list":["post-41663","post","type-post","status-publish","format-standard","has-post-thumbnail","hentry","category-deportes"],"aioseo_notices":[],"gutentor_comment":0,"jetpack_featured_media_url":"https:\/\/eldiariodesanpedro.com.ar\/sitio\/wp-content\/uploads\/2018\/10\/Junior-Solmi.jpg","jetpack_shortlink":"https:\/\/wp.me\/p6RhLt-aPZ","jetpack_sharing_enabled":true,"_links":{"self":[{"href":"https:\/\/eldiariodesanpedro.com.ar\/sitio\/wp-json\/wp\/v2\/posts\/41663","targetHints":{"allow":["GET"]}}],"collection":[{"href":"https:\/\/eldiariodesanpedro.com.ar\/sitio\/wp-json\/wp\/v2\/posts"}],"about":[{"href":"https:\/\/eldiariodesanpedro.com.ar\/sitio\/wp-json\/wp\/v2\/types\/post"}],"author":[{"embeddable":true,"href":"https:\/\/eldiariodesanpedro.com.ar\/sitio\/wp-json\/wp\/v2\/users\/4"}],"replies":[{"embeddable":true,"href":"https:\/\/eldiariodesanpedro.com.ar\/sitio\/wp-json\/wp\/v2\/comments?post=41663"}],"version-history":[{"count":3,"href":"https:\/\/eldiariodesanpedro.com.ar\/sitio\/wp-json\/wp\/v2\/posts\/41663\/revisions"}],"predecessor-version":[{"id":41674,"href":"https:\/\/eldiariodesanpedro.com.ar\/sitio\/wp-json\/wp\/v2\/posts\/41663\/revisions\/41674"}],"wp:featuredmedia":[{"embeddable":true,"href":"https:\/\/eldiariodesanpedro.com.ar\/sitio\/wp-json\/wp\/v2\/media\/41668"}],"wp:attachment":[{"href":"https:\/\/eldiariodesanpedro.com.ar\/sitio\/wp-json\/wp\/v2\/media?parent=41663"}],"wp:term":[{"taxonomy":"category","embeddable":true,"href":"https:\/\/eldiariodesanpedro.com.ar\/sitio\/wp-json\/wp\/v2\/categories?post=41663"},{"taxonomy":"post_tag","embeddable":true,"href":"https:\/\/eldiariodesanpedro.com.ar\/sitio\/wp-json\/wp\/v2\/tags?post=41663"}],"curies":[{"name":"wp","href":"https:\/\/api.w.org\/{rel}","templated":true}]}}