{"id":41659,"date":"2018-10-10T20:50:53","date_gmt":"2018-10-10T23:50:53","guid":{"rendered":"https:\/\/eldiariodesanpedro.com.ar\/sitio\/?p=41659"},"modified":"2026-01-24T00:09:19","modified_gmt":"2026-01-24T03:09:19","slug":"juegos-olimpicos-cittadini-romairone-pasaron-a-encabezar-las-posiciones-en-la-clase-nacra-15","status":"publish","type":"post","link":"https:\/\/eldiariodesanpedro.com.ar\/sitio\/juegos-olimpicos-cittadini-romairone-pasaron-a-encabezar-las-posiciones-en-la-clase-nacra-15\/","title":{"rendered":"JUEGOS OL\u00cdMPICOS: Cittadini &#8211; Romairone pasaron a encabezar las posiciones en la clase Nacra 15"},"content":{"rendered":"<p><!-- VideographyWP Plugin Message: Automatic video embedding prevented by plugin options. --><br \/>\nEl barco de los argentinos fue protagonista en las cuatro regatas corridas en el segundo d\u00eda de competencias y pas\u00f3 al primer lugar de la clasificaci\u00f3n general.<\/p>\n<p>  Se agiganta la ilusi\u00f3n en los Juegos Ol\u00edmpicos de la Juventud. El sampedrino Dante Cittadini y la bonaerense Teresa Romairone quedaron en el primer lugar de la clasificaci\u00f3n general de la clase Nacra 15 al obtener excelentes posiciones tras las cuatro regatas disputadas el martes.<br \/>\n  En el comienzo de los Juegos la embarcaci\u00f3n argentina se ubic\u00f3 segunda en la \u00fanica regata que se disput\u00f3 en el d\u00eda; mientras tanto en el segundo d\u00eda de competencia consiguieron un 1\u00ba, 4\u00ba, 2\u00ba y un 4\u00ba puesto que los dejaron con 9 puntos netos y en el primer lugar.<br \/>\n  El binomio que es entrenado por el otro sampedrino, Nicol\u00e1s Schardgorodsky, volver\u00e1 a competir el mi\u00e9rcoles en el r\u00edo de La Plata con epicentro en el Club N\u00e1utico San Isidro. El jueves ser\u00e1 el d\u00eda de descanso y retomar\u00e1n el viernes la actividad. La Medal Race est\u00e1 prevista para el s\u00e1bado.<\/p>\n<p>Fuente: San Pedro Informa<\/p>\n","protected":false},"excerpt":{"rendered":"<p>El barco de los argentinos fue protagonista en las cuatro regatas corridas en el segundo d\u00eda de competencias y pas\u00f3 al primer lugar de la clasificaci\u00f3n general. Se agiganta la ilusi\u00f3n en los Juegos Ol\u00edmpicos de la Juventud. El sampedrino Dante Cittadini y la bonaerense Teresa Romairone quedaron en el primer lugar de la clasificaci\u00f3n [&hellip;]<\/p>\n","protected":false},"author":4,"featured_media":41662,"comment_status":"open","ping_status":"closed","sticky":false,"template":"","format":"standard","meta":{"om_disable_all_campaigns":false,"_jetpack_memberships_contains_paid_content":false,"footnotes":""},"categories":[5],"tags":[],"class_list":["post-41659","post","type-post","status-publish","format-standard","has-post-thumbnail","hentry","category-deportes"],"aioseo_notices":[],"gutentor_comment":0,"jetpack_featured_media_url":"https:\/\/eldiariodesanpedro.com.ar\/sitio\/wp-content\/uploads\/2018\/10\/Cittadini-Romairone-Nacra-15.jpg","jetpack_shortlink":"https:\/\/wp.me\/p6RhLt-aPV","jetpack_sharing_enabled":true,"_links":{"self":[{"href":"https:\/\/eldiariodesanpedro.com.ar\/sitio\/wp-json\/wp\/v2\/posts\/41659","targetHints":{"allow":["GET"]}}],"collection":[{"href":"https:\/\/eldiariodesanpedro.com.ar\/sitio\/wp-json\/wp\/v2\/posts"}],"about":[{"href":"https:\/\/eldiariodesanpedro.com.ar\/sitio\/wp-json\/wp\/v2\/types\/post"}],"author":[{"embeddable":true,"href":"https:\/\/eldiariodesanpedro.com.ar\/sitio\/wp-json\/wp\/v2\/users\/4"}],"replies":[{"embeddable":true,"href":"https:\/\/eldiariodesanpedro.com.ar\/sitio\/wp-json\/wp\/v2\/comments?post=41659"}],"version-history":[{"count":1,"href":"https:\/\/eldiariodesanpedro.com.ar\/sitio\/wp-json\/wp\/v2\/posts\/41659\/revisions"}],"predecessor-version":[{"id":41664,"href":"https:\/\/eldiariodesanpedro.com.ar\/sitio\/wp-json\/wp\/v2\/posts\/41659\/revisions\/41664"}],"wp:featuredmedia":[{"embeddable":true,"href":"https:\/\/eldiariodesanpedro.com.ar\/sitio\/wp-json\/wp\/v2\/media\/41662"}],"wp:attachment":[{"href":"https:\/\/eldiariodesanpedro.com.ar\/sitio\/wp-json\/wp\/v2\/media?parent=41659"}],"wp:term":[{"taxonomy":"category","embeddable":true,"href":"https:\/\/eldiariodesanpedro.com.ar\/sitio\/wp-json\/wp\/v2\/categories?post=41659"},{"taxonomy":"post_tag","embeddable":true,"href":"https:\/\/eldiariodesanpedro.com.ar\/sitio\/wp-json\/wp\/v2\/tags?post=41659"}],"curies":[{"name":"wp","href":"https:\/\/api.w.org\/{rel}","templated":true}]}}