{"id":41658,"date":"2018-10-10T20:48:26","date_gmt":"2018-10-10T23:48:26","guid":{"rendered":"https:\/\/eldiariodesanpedro.com.ar\/sitio\/?p=41658"},"modified":"2018-10-10T20:48:26","modified_gmt":"2018-10-10T23:48:26","slug":"caso-sagrera-queremos-saber-que-paso-con-patricia","status":"publish","type":"post","link":"https:\/\/eldiariodesanpedro.com.ar\/sitio\/caso-sagrera-queremos-saber-que-paso-con-patricia\/","title":{"rendered":"Caso Sagrera: \u201cQueremos saber qu\u00e9 pas\u00f3 con Patricia\u201d"},"content":{"rendered":"<p><!-- VideographyWP Plugin Message: Automatic video embedding prevented by plugin options. --><br \/>\nLa familia de la joven de 49 a\u00f1os que falleci\u00f3 en Sadiv reclama justicia. Tres fiscales se excusaron y ahora el caso est\u00e1 en manos del Dr. Mariezcurrena. El abogado de la familia solicit\u00f3 que la causa sea elevada a juicio. Parte del expediente se hab\u00eda perdido.<\/p>\n<p>  El pasado 11 de febrero se cumplieron cinco a\u00f1os de la muerte de Patricia Sagrera. Su familia nunca baj\u00f3 los brazos y a pesar de los contratiempos con que se fueron encontrando en todos estos a\u00f1os siguieron adelante para reactivar la causa cuantas veces hizo falta con el \u00fanico objetivo que se haga justicia.<br \/>\n  Con el patrocinio del Dr. Azcargot la familia se present\u00f3 ante la justicia como particular damnificado y a\u00fan esperan que los responsables sean sancionados.<br \/>\n  La familia Sagrera revel\u00f3 ante los medios que en lo que va de la instrucci\u00f3n se fueron encontrando con algunas particulares \u201calgo llamativas\u201d como la excusaci\u00f3n de tres fiscales, el Dr. Marcelo Manso primero, la Dra. Viviana Ramos despu\u00e9s y por \u00faltimo el Fiscal Hern\u00e1n Granda. Ahora la causa recay\u00f3 en la Fiscal\u00eda del Dr. Mart\u00edn Mairezcurrena en San Nicol\u00e1s. Adem\u00e1s, durante la etapa de indagatorias se perdi\u00f3 una parte importante del expediente, aunque luego fue encontrado.<br \/>\n  \u201cSe cumplieron 5 a\u00f1os en febrero. La causa cambi\u00f3 de Fiscal y esperamos que con el nuevo magistrado contin\u00fae hasta que se esclarezca qu\u00e9 ocurri\u00f3 ese d\u00eda\u201d, explicaron Cristina y Jorge Sagrera.<br \/>\n  \u201cEse d\u00eda Patricia estaba almorzando en Sadiv, estaba comiendo ravioles y se ahog\u00f3. Ah\u00ed recibimos un llamado donde se nos informaba lo que le hab\u00eda pasado. Los m\u00e9dicos de la cl\u00ednica San Pedro nos comentan que hab\u00eda llegado cian\u00f3tica, sin signos vitales y a pesar de las maniobras y haberle sacado ravioles enteros, falleci\u00f3\u201d.<br \/>\n  \u201cAh\u00ed fue una sorpresa para nosotros porque Patricia com\u00eda la comida cortada en trozos peque\u00f1os porque as\u00ed se hab\u00eda establecido, as\u00ed lo requer\u00eda su patolog\u00eda\u201d.<br \/>\n  \u201cLo incre\u00edble de todo fue cuando la instituci\u00f3n nos recibe, un mes despu\u00e9s del hecho, para decirnos lo que hab\u00eda pasado ese d\u00eda; nos dicen que los ravioles estaban cortados en trozos peque\u00f1os, ah\u00ed tambi\u00e9n fue una sorpresa para nosotros porque si los m\u00e9dicos m\u00e1s la enfermera nos hab\u00edan dicho que los hab\u00eda consumido enteros, ah\u00ed es donde surgen las dudas de c\u00f3mo se desarrollaron los hechos\u201d, comentaron.<br \/>\n  \u201cA partir de all\u00ed es que queremos saber cu\u00e1l fue la causa de su fallecimiento, es decir, si esos ravioles hubieran estado cortados esto se podr\u00eda haber evitado\u201d.<br \/>\n  \u201cEn la declaraci\u00f3n los dos m\u00e9dicos que recibieron a Patricia volvieron a remarcar lo mismo que nos dijeron, que a Patricia le extrajeron los ravioles enteros. Mientras tanto desde la instituci\u00f3n vuelven a referir que los ravioles hab\u00edan sido cortados\u201d.<br \/>\n  \u201cEn enero de este a\u00f1o se terminaron de tomar todas las declaraciones. A partir de all\u00ed el Fiscal Manso tom\u00f3 la decisi\u00f3n de excusarse, pasa a la doctora Ramos y tambi\u00e9n se excusa, pasa a Baradero y Granda tambi\u00e9n se excusa\u201d.<br \/>\n  \u201cEn los informes del \u00e1rea de nutrici\u00f3n de Sadiv figura que Patricia deb\u00eda comer los alimentos cortados en trozos peque\u00f1os o procesados. Ellos estaban en conocimiento porque estos informes se elaboraban todos los meses\u201d, afirmaron.<br \/>\n  \u201cNosotros tuvimos accesos a las pruebas que la instituci\u00f3n aport\u00f3 y estaban las carpetas del \u00e1rea de nutrici\u00f3n firmadas por el profesional a cargo y estaba con estas indicaciones que estamos diciendo\u201d.<br \/>\n  \u201cDentro de todos los avatares que sufrimos tambi\u00e9n tuvimos la p\u00e9rdida de las pruebas que fueron robadas o perdidas en la propia fiscal\u00eda. Las carpetas de las pruebas no estaban, pero nosotros ten\u00edamos copias as\u00ed que tuvimos que aportarlas a la Fiscal\u00eda para que sigan siendo tenidas en cuenta. Despu\u00e9s el Fiscal Manso nos llam\u00f3 y nos confirm\u00f3 que la documentaci\u00f3n se hab\u00eda extraviado durante la mudanza de la Fiscal\u00eda pero que luego hab\u00eda aparecido. Todos estos cambios a nosotros nos inquietan un poco\u201d.<br \/>\n  \u201cEsas pruebas ahora est\u00e1n, pero no estuvieron en el momento que ten\u00edan que estar que era en el momento de los testimonios, porque ah\u00ed estaban los informes m\u00e1s importantes\u201d, destacaron los hermanos de la v\u00edctima.<br \/>\n  \u201cSiempre estuvimos encima de la causa porque ten\u00edamos temor que prescribiera\u201d.<br \/>\n  \u201cNos doli\u00f3 mucho lo que pas\u00f3 porque Patricia pr\u00e1cticamente era una de las fundadoras de Sadiv\u201d. \u201cNosotros esper\u00e1bamos otra respuesta de la instituci\u00f3n. Patricia era pr\u00e1cticamente una de las fundadoras de Sadiv como paciente y siempre fuimos unos agradecidos por todo lo que le brindaron en todos esos a\u00f1os y ac\u00e1 estamos hablando de un hecho en concreto, pero si hubieran dicho miren, s\u00ed, cometimos un error hubiera sido otra cosa\u201d.<br \/>\n  \u201cEs un error que se podr\u00eda haber evitado, nos moviliz\u00f3 a sostener nuestra postura cuando dijeron que los ravioles estaban cortados en trozos peque\u00f1os y, en realidad, nos hab\u00edan dicho que no. Por eso queremos que se establezca qu\u00e9 pas\u00f3 con Patricia\u201d.<br \/>\n  \u201cLa causa involucra a las personas responsables, no a la instituci\u00f3n\u201d, concluyeron.<\/p>\n<p>Fuente: San Pedro Informa<\/p>\n","protected":false},"excerpt":{"rendered":"<p>La familia de la joven de 49 a\u00f1os que falleci\u00f3 en Sadiv reclama justicia. Tres fiscales se excusaron y ahora el caso est\u00e1 en manos del Dr. Mariezcurrena. El abogado de la familia solicit\u00f3 que la causa sea elevada a juicio. Parte del expediente se hab\u00eda perdido. El pasado 11 de febrero se cumplieron cinco [&hellip;]<\/p>\n","protected":false},"author":4,"featured_media":41660,"comment_status":"open","ping_status":"closed","sticky":false,"template":"","format":"standard","meta":{"om_disable_all_campaigns":false,"_jetpack_memberships_contains_paid_content":false,"footnotes":""},"categories":[2,103],"tags":[],"class_list":["post-41658","post","type-post","status-publish","format-standard","has-post-thumbnail","hentry","category-locales","category-policiales-locales"],"aioseo_notices":[],"gutentor_comment":0,"jetpack_featured_media_url":"https:\/\/eldiariodesanpedro.com.ar\/sitio\/wp-content\/uploads\/2018\/10\/Caso-Sagrera-Queremos-saber-qu\u00e9-pas\u00f3-con-Patricia.jpg","jetpack_shortlink":"https:\/\/wp.me\/p6RhLt-aPU","jetpack_sharing_enabled":true,"_links":{"self":[{"href":"https:\/\/eldiariodesanpedro.com.ar\/sitio\/wp-json\/wp\/v2\/posts\/41658","targetHints":{"allow":["GET"]}}],"collection":[{"href":"https:\/\/eldiariodesanpedro.com.ar\/sitio\/wp-json\/wp\/v2\/posts"}],"about":[{"href":"https:\/\/eldiariodesanpedro.com.ar\/sitio\/wp-json\/wp\/v2\/types\/post"}],"author":[{"embeddable":true,"href":"https:\/\/eldiariodesanpedro.com.ar\/sitio\/wp-json\/wp\/v2\/users\/4"}],"replies":[{"embeddable":true,"href":"https:\/\/eldiariodesanpedro.com.ar\/sitio\/wp-json\/wp\/v2\/comments?post=41658"}],"version-history":[{"count":1,"href":"https:\/\/eldiariodesanpedro.com.ar\/sitio\/wp-json\/wp\/v2\/posts\/41658\/revisions"}],"predecessor-version":[{"id":41661,"href":"https:\/\/eldiariodesanpedro.com.ar\/sitio\/wp-json\/wp\/v2\/posts\/41658\/revisions\/41661"}],"wp:featuredmedia":[{"embeddable":true,"href":"https:\/\/eldiariodesanpedro.com.ar\/sitio\/wp-json\/wp\/v2\/media\/41660"}],"wp:attachment":[{"href":"https:\/\/eldiariodesanpedro.com.ar\/sitio\/wp-json\/wp\/v2\/media?parent=41658"}],"wp:term":[{"taxonomy":"category","embeddable":true,"href":"https:\/\/eldiariodesanpedro.com.ar\/sitio\/wp-json\/wp\/v2\/categories?post=41658"},{"taxonomy":"post_tag","embeddable":true,"href":"https:\/\/eldiariodesanpedro.com.ar\/sitio\/wp-json\/wp\/v2\/tags?post=41658"}],"curies":[{"name":"wp","href":"https:\/\/api.w.org\/{rel}","templated":true}]}}