{"id":41653,"date":"2018-10-10T16:09:42","date_gmt":"2018-10-10T19:09:42","guid":{"rendered":"https:\/\/eldiariodesanpedro.com.ar\/sitio\/?p=41653"},"modified":"2018-10-10T16:09:42","modified_gmt":"2018-10-10T19:09:42","slug":"ramallo-mateada-feminista-y-de-genero-en-la-plaza-del-estibador","status":"publish","type":"post","link":"https:\/\/eldiariodesanpedro.com.ar\/sitio\/ramallo-mateada-feminista-y-de-genero-en-la-plaza-del-estibador\/","title":{"rendered":"RAMALLO: Mateada feminista y de g\u00e9nero en la Plaza del Estibador"},"content":{"rendered":"<p><!-- VideographyWP Plugin Message: Automatic video embedding prevented by plugin options. --><br \/>\nEste domingo se realiz\u00f3 una mateada en la Plaza del Estibador, organizada por la Casa de la Mujer, en el marco de la Acci\u00f3n Global por un Aborto Legal y Seguro.<br \/>\nLa integrante de la Casa de la Mujer y la Diversidad, Pilar Mendoza, cont\u00f3 que \u201cfue una propuesta local en el marco del d\u00eda de acci\u00f3n global por un aborto legal y seguro. Donde la juventud fue la protagonista. Pudimos encontrarnos, y pensarnos en una mejor sociedad, m\u00e1s igualitaria y equitativa. Donde reconozcamos que todas las personas tenemos las mismas capacidades frente a los mismos derechos\u201d.<\/p>\n<p>\u201cSe reparti\u00f3 informaci\u00f3n sobre el protocolo ILE y la Apostas\u00eda. Estudiantes de diferentes escuelas trajeron afiches informativos realizados por ellxs que le dieron color a la Plaza. Desde la Casa de la Mujer estamos felices por el compromiso y acompa\u00f1amiento de la juventud en busca de una sociedad donde todos seamos parte. Es lo que nos da fuerza para seguir luchando en este camino. La juventud es el presente, y el presente es feminista\u201d, puntualiz\u00f3 Pilar Mendoza.<\/p>\n<p>Le\u00e9 tambi\u00e9n  10 medallas en destacada participaci\u00f3n en los Juegos Bonaerenses<\/p>\n<p>En tanto, Valent\u00edn Marsiglia, integrante de la Casa de la Mujer, manifest\u00f3 que \u201cno esperamos que vaya tanta gente, algunos estaban en la carpa con nosotros, pero hubo muchos chicos en toda la plaza. Repartimos folletos y hablamos con los que se acercaban. Fue muy positivo, todos est\u00e1n interesados en participar y en hacer actividades\u201d.<\/p>\n<p>Fuente: Ramallo Informa<\/p>\n","protected":false},"excerpt":{"rendered":"<p>Este domingo se realiz\u00f3 una mateada en la Plaza del Estibador, organizada por la Casa de la Mujer, en el marco de la Acci\u00f3n Global por un Aborto Legal y Seguro. La integrante de la Casa de la Mujer y la Diversidad, Pilar Mendoza, cont\u00f3 que \u201cfue una propuesta local en el marco del d\u00eda [&hellip;]<\/p>\n","protected":false},"author":4,"featured_media":41654,"comment_status":"open","ping_status":"closed","sticky":false,"template":"","format":"standard","meta":{"om_disable_all_campaigns":false,"_jetpack_memberships_contains_paid_content":false,"footnotes":""},"categories":[621],"tags":[],"class_list":["post-41653","post","type-post","status-publish","format-standard","has-post-thumbnail","hentry","category-regionales"],"aioseo_notices":[],"gutentor_comment":0,"jetpack_featured_media_url":"https:\/\/eldiariodesanpedro.com.ar\/sitio\/wp-content\/uploads\/2018\/10\/43443964_2180849182184753_5918816210673205248_n.jpg","jetpack_shortlink":"https:\/\/wp.me\/p6RhLt-aPP","jetpack_sharing_enabled":true,"_links":{"self":[{"href":"https:\/\/eldiariodesanpedro.com.ar\/sitio\/wp-json\/wp\/v2\/posts\/41653","targetHints":{"allow":["GET"]}}],"collection":[{"href":"https:\/\/eldiariodesanpedro.com.ar\/sitio\/wp-json\/wp\/v2\/posts"}],"about":[{"href":"https:\/\/eldiariodesanpedro.com.ar\/sitio\/wp-json\/wp\/v2\/types\/post"}],"author":[{"embeddable":true,"href":"https:\/\/eldiariodesanpedro.com.ar\/sitio\/wp-json\/wp\/v2\/users\/4"}],"replies":[{"embeddable":true,"href":"https:\/\/eldiariodesanpedro.com.ar\/sitio\/wp-json\/wp\/v2\/comments?post=41653"}],"version-history":[{"count":1,"href":"https:\/\/eldiariodesanpedro.com.ar\/sitio\/wp-json\/wp\/v2\/posts\/41653\/revisions"}],"predecessor-version":[{"id":41655,"href":"https:\/\/eldiariodesanpedro.com.ar\/sitio\/wp-json\/wp\/v2\/posts\/41653\/revisions\/41655"}],"wp:featuredmedia":[{"embeddable":true,"href":"https:\/\/eldiariodesanpedro.com.ar\/sitio\/wp-json\/wp\/v2\/media\/41654"}],"wp:attachment":[{"href":"https:\/\/eldiariodesanpedro.com.ar\/sitio\/wp-json\/wp\/v2\/media?parent=41653"}],"wp:term":[{"taxonomy":"category","embeddable":true,"href":"https:\/\/eldiariodesanpedro.com.ar\/sitio\/wp-json\/wp\/v2\/categories?post=41653"},{"taxonomy":"post_tag","embeddable":true,"href":"https:\/\/eldiariodesanpedro.com.ar\/sitio\/wp-json\/wp\/v2\/tags?post=41653"}],"curies":[{"name":"wp","href":"https:\/\/api.w.org\/{rel}","templated":true}]}}