{"id":41650,"date":"2018-10-10T16:05:09","date_gmt":"2018-10-10T19:05:09","guid":{"rendered":"https:\/\/eldiariodesanpedro.com.ar\/sitio\/?p=41650"},"modified":"2018-10-10T16:05:09","modified_gmt":"2018-10-10T19:05:09","slug":"baradero-esta-abierta-la-inscripcion-para-cursar-el-cbc","status":"publish","type":"post","link":"https:\/\/eldiariodesanpedro.com.ar\/sitio\/baradero-esta-abierta-la-inscripcion-para-cursar-el-cbc\/","title":{"rendered":"BARADERO: Est\u00e1 abierta la inscripci\u00f3n para cursar el CBC"},"content":{"rendered":"<p><!-- VideographyWP Plugin Message: Automatic video embedding prevented by plugin options. --><br \/>\nLa Municipalidad de Baradero a trav\u00e9s de la Universidad de Buenos Aires, informa que inici\u00f3 la inscripci\u00f3n para el Ciclo B\u00e1sico Com\u00fan (CBC) para todas las carreras.<br \/>\nLa inscripci\u00f3n se extender\u00e1 hasta el 22 de noviembre, y pueden realizarla en Ar\u00e1oz 995 (1\u00b0 piso del CITEP).<\/p>\n<p>Para m\u00e1s informaci\u00f3n pueden comunicarse al (03329) 486916 o al correo electr\u00f3nico sedebaradero@gmail.com.<\/p>\n<p>Fuente: Tu L\u00ednea Directa<\/p>\n","protected":false},"excerpt":{"rendered":"<p>La Municipalidad de Baradero a trav\u00e9s de la Universidad de Buenos Aires, informa que inici\u00f3 la inscripci\u00f3n para el Ciclo B\u00e1sico Com\u00fan (CBC) para todas las carreras. La inscripci\u00f3n se extender\u00e1 hasta el 22 de noviembre, y pueden realizarla en Ar\u00e1oz 995 (1\u00b0 piso del CITEP). Para m\u00e1s informaci\u00f3n pueden comunicarse al (03329) 486916 o [&hellip;]<\/p>\n","protected":false},"author":4,"featured_media":41651,"comment_status":"open","ping_status":"closed","sticky":false,"template":"","format":"standard","meta":{"om_disable_all_campaigns":false,"_jetpack_memberships_contains_paid_content":false,"footnotes":""},"categories":[621],"tags":[],"class_list":["post-41650","post","type-post","status-publish","format-standard","has-post-thumbnail","hentry","category-regionales"],"aioseo_notices":[],"gutentor_comment":0,"jetpack_featured_media_url":"https:\/\/eldiariodesanpedro.com.ar\/sitio\/wp-content\/uploads\/2018\/10\/logo-citep-b.jpg","jetpack_shortlink":"https:\/\/wp.me\/p6RhLt-aPM","jetpack_sharing_enabled":true,"_links":{"self":[{"href":"https:\/\/eldiariodesanpedro.com.ar\/sitio\/wp-json\/wp\/v2\/posts\/41650","targetHints":{"allow":["GET"]}}],"collection":[{"href":"https:\/\/eldiariodesanpedro.com.ar\/sitio\/wp-json\/wp\/v2\/posts"}],"about":[{"href":"https:\/\/eldiariodesanpedro.com.ar\/sitio\/wp-json\/wp\/v2\/types\/post"}],"author":[{"embeddable":true,"href":"https:\/\/eldiariodesanpedro.com.ar\/sitio\/wp-json\/wp\/v2\/users\/4"}],"replies":[{"embeddable":true,"href":"https:\/\/eldiariodesanpedro.com.ar\/sitio\/wp-json\/wp\/v2\/comments?post=41650"}],"version-history":[{"count":1,"href":"https:\/\/eldiariodesanpedro.com.ar\/sitio\/wp-json\/wp\/v2\/posts\/41650\/revisions"}],"predecessor-version":[{"id":41652,"href":"https:\/\/eldiariodesanpedro.com.ar\/sitio\/wp-json\/wp\/v2\/posts\/41650\/revisions\/41652"}],"wp:featuredmedia":[{"embeddable":true,"href":"https:\/\/eldiariodesanpedro.com.ar\/sitio\/wp-json\/wp\/v2\/media\/41651"}],"wp:attachment":[{"href":"https:\/\/eldiariodesanpedro.com.ar\/sitio\/wp-json\/wp\/v2\/media?parent=41650"}],"wp:term":[{"taxonomy":"category","embeddable":true,"href":"https:\/\/eldiariodesanpedro.com.ar\/sitio\/wp-json\/wp\/v2\/categories?post=41650"},{"taxonomy":"post_tag","embeddable":true,"href":"https:\/\/eldiariodesanpedro.com.ar\/sitio\/wp-json\/wp\/v2\/tags?post=41650"}],"curies":[{"name":"wp","href":"https:\/\/api.w.org\/{rel}","templated":true}]}}